{"id":10524,"date":"2024-11-22T07:14:24","date_gmt":"2024-11-22T06:14:24","guid":{"rendered":"https:\/\/serbenidorm.daliisolutions.com\/index.php\/2024\/11\/22\/el-huesitos-la-vila-hace-una-pausa-en-su-paron-para-volver-a-la-copa\/"},"modified":"2024-11-22T07:14:24","modified_gmt":"2024-11-22T06:14:24","slug":"el-huesitos-la-vila-hace-una-pausa-en-su-paron-para-volver-a-la-copa","status":"publish","type":"post","link":"https:\/\/serbenidorm.daliisolutions.com\/index.php\/2024\/11\/22\/el-huesitos-la-vila-hace-una-pausa-en-su-paron-para-volver-a-la-copa\/","title":{"rendered":"El Huesitos-La Vila hace una pausa en su par\u00f3n para volver a la Copa"},"content":{"rendered":"  <p><\/p>   <p>Benidorm<\/p>   <p><a href=\"https:\/\/cadenaser.com\/comunitat-valenciana\/2024\/08\/06\/todos-los-partidos-horarios-y-resultados-del-huesitos-la-vila-radio-benidorm\/\" target=\"_blank\">Tres semanas despu\u00e9s de haber afrontado su \u00faltimo partido de la Divisi\u00f3n de Honor del rugby nacional<\/a> ante El Salvador de Valladolid, el <a href=\"https:\/\/cadenaser.com\/tag\/club_rugby_la_vila\/a\/\" target=\"_blank\">Huesitos-La Vila<\/a> har\u00e1 este domingo (13:30 horas) una pausa en su par\u00f3n competitivo para disputar una nueva eliminatoria de la Copa del Rey visitando la cancha del Cisneros, equipo que en la actualidad ocupa la s\u00e9ptima posici\u00f3n en la competici\u00f3n liguera.<\/p>   <p>En cualquier caso, el torneo del KO poco tiene que ver con una competici\u00f3n en la que lo m\u00e1s importante es la regularidad y, aunque en esta ocasi\u00f3n deba de actuar como visitante, el XV chocolatero tratar\u00e1 de conseguir el triunfo ante un conjunto, al menos en teor\u00eda, superior.<\/p> ","protected":false},"excerpt":{"rendered":"<p>El XV chocolatero visita este fin de semana al Cisneros en su segundo partido del torneo del KO<\/p>\n","protected":false},"author":0,"featured_media":10525,"comment_status":"open","ping_status":"open","sticky":false,"template":"","format":"standard","meta":{"_acf_changed":false,"footnotes":""},"categories":[16],"tags":[],"class_list":["post-10524","post","type-post","status-publish","format-standard","has-post-thumbnail","hentry","category-deportes"],"acf":{"ser_id":"NDMLTT5OYNFV5HFVUN74F57PUM","ser_url":"https:\/\/cadenaser.com\/comunitat-valenciana\/2024\/11\/21\/el-huesitos-la-vila-hace-una-pausa-en-su-paron-para-volver-a-la-copa-radio-benidorm\/"},"_links":{"self":[{"href":"https:\/\/serbenidorm.daliisolutions.com\/index.php\/wp-json\/wp\/v2\/posts\/10524","targetHints":{"allow":["GET"]}}],"collection":[{"href":"https:\/\/serbenidorm.daliisolutions.com\/index.php\/wp-json\/wp\/v2\/posts"}],"about":[{"href":"https:\/\/serbenidorm.daliisolutions.com\/index.php\/wp-json\/wp\/v2\/types\/post"}],"replies":[{"embeddable":true,"href":"https:\/\/serbenidorm.daliisolutions.com\/index.php\/wp-json\/wp\/v2\/comments?post=10524"}],"version-history":[{"count":0,"href":"https:\/\/serbenidorm.daliisolutions.com\/index.php\/wp-json\/wp\/v2\/posts\/10524\/revisions"}],"wp:featuredmedia":[{"embeddable":true,"href":"https:\/\/serbenidorm.daliisolutions.com\/index.php\/wp-json\/wp\/v2\/media\/10525"}],"wp:attachment":[{"href":"https:\/\/serbenidorm.daliisolutions.com\/index.php\/wp-json\/wp\/v2\/media?parent=10524"}],"wp:term":[{"taxonomy":"category","embeddable":true,"href":"https:\/\/serbenidorm.daliisolutions.com\/index.php\/wp-json\/wp\/v2\/categories?post=10524"},{"taxonomy":"post_tag","embeddable":true,"href":"https:\/\/serbenidorm.daliisolutions.com\/index.php\/wp-json\/wp\/v2\/tags?post=10524"}],"curies":[{"name":"wp","href":"https:\/\/api.w.org\/{rel}","templated":true}]}}