{"id":10528,"date":"2024-11-22T07:14:28","date_gmt":"2024-11-22T06:14:28","guid":{"rendered":"https:\/\/serbenidorm.daliisolutions.com\/index.php\/2024\/11\/22\/el-sporting-la-nucia-busca-mantener-su-buen-momento-en-galicia\/"},"modified":"2024-11-22T07:14:28","modified_gmt":"2024-11-22T06:14:28","slug":"el-sporting-la-nucia-busca-mantener-su-buen-momento-en-galicia","status":"publish","type":"post","link":"https:\/\/serbenidorm.daliisolutions.com\/index.php\/2024\/11\/22\/el-sporting-la-nucia-busca-mantener-su-buen-momento-en-galicia\/","title":{"rendered":"El Sporting La Nuc\u00eda busca mantener su buen momento en Galicia"},"content":{"rendered":"  <p><\/p>   <p>Benidorm<\/p>   <p>Despu\u00e9s de haber arrancado un muy valioso <a href=\"https:\/\/cadenaser.com\/comunitat-valenciana\/2024\/11\/17\/el-sporting-la-nucia-sigue-sumando-radio-benidorm\/\" target=\"_blank\">empate ante el Martorell<\/a>, uno de los equipos que se mantiene en la zona alta de la tabla peleando por el ascenso a la Primera Divisi\u00f3n, el <a href=\"https:\/\/cadenaser.com\/tag\/sporting_futbol_sala_la_nucia\/a\/\" target=\"_blank\">Sporting La Nuc\u00eda<\/a> tratar\u00e1 este s\u00e1bado (19:00 horas) alargar su buena racha visitando la cancha del Ferrol, actual noveno clasificado con once puntos, cuatro m\u00e1s que los rojillos.<\/p>  <p><p>M\u00e1s informaci\u00f3n<\/p><figure><img loading=\"lazy\" decoding=\"async\" src=\"https:\/\/cadenaser.com\/resizer\/v2\/B324N64AG5ENTOSIEJASQSS3KE.jpg?auth=5edab5e58180c7142002f1f4fa836fcad61200275dce23fc933b9708304aeff5&amp;quality=70&amp;width=360&amp;height=202&amp;smart=true\" width=\"820\" height=\"621\" \/><\/figure><ul><li><a href=\"https:\/\/cadenaser.com\/comunitat-valenciana\/2024\/09\/04\/todos-los-partidos-horarios-y-resultados-del-sporting-futbol-sala-la-nucia-radio-benidorm\/\"><span>Todos los partidos, horarios y resultados del Sporting F\u00fatbol Sala La Nuc\u00eda<\/span><\/a><\/li><\/ul><\/p>   <p>Este choque en Galicia, donde los de David \u2018Dada\u2019 Valverde podr\u00edan sumar su cuarta jornada consecutiva sin perder (una victoria y dos empates en las \u00faltimas tres jornadas) podr\u00eda servir, adem\u00e1s, para dar un importante y muy tranquilizador salto en la clasificaci\u00f3n de una categor\u00eda a la que, tras el sufrimiento inicial, los rojillos parecen estar cogi\u00e9ndole ya la temperatura.<\/p>   <p><b>Baja de Iker Ben\u00edtez<\/b><\/p>   <p>Todo ello, en una semana en la que el Sporting La Nuc\u00eda ha anunciado, a trav\u00e9s de un breve comunicado la baja de Iker Ben\u00edtez como jugador del primer equipo.<\/p>   <p>El joven cierre alicantino lleg\u00f3 en octubre de 2023 procedente del Futsal Ibi y, desde su llegada a la plantilla de \u2018Dada\u2019, al que conoc\u00eda de su etapa en el Nueva Elda FS, se convirti\u00f3 en una pieza clave para poder conseguir el esperado ascenso a Segunda Divisi\u00f3n el pasado mes de junio.<\/p>   <p>El club le ha agradecido su compromiso, profesionalidad y trabajo durante este a\u00f1o y le ha deseado la mayor de las suertes en su nueva etapa.<\/p>   <p>     .c-w{         max-width:444px;         width:100%;         margin:32px auto;      background:#00755E;         border-radius:4px;         display:flex;         align-items:center;         justify-content:center;     }     .c-w a{         display:flex;         align-items:center;         justify-content:center;         padding:4px 24px;     }     .c-w img{         width:24px;         margin-right:12px;     }     .c-w p{         font:18px\/25px Poppins;         text-align:center;         color:#fff;         margin:0;     }     @media (max-width:444px){         .c-w a{             padding:4px 12px;         }         .c-w img{             width:24px;             margin-right:8px;         }         .c-w p{             font:14px\/25px Poppins;         }     }     @media (max-width:335px){         .c-w p{             font:13px\/25px Poppins;         }     }  <div class=\"c-w\">     <a href=\"https:\/\/www.whatsapp.com\/channel\/0029Va633PF9WtC4l7XUzh1e\" target=\"_blank\">         <img decoding=\"async\" src=\"https:\/\/cadenaser.com\/estaticos\/recursosgraficos\/responsive\/img\/ico-whatsapp.svg\" alt=\"Whatsapp\">         <p>\u00danete al <b>canal de WhatsApp<\/b> de la SER<\/p>     <\/a> <\/div><\/p> ","protected":false},"excerpt":{"rendered":"<p>El equipo de David \u2018Dada\u2019 Valverde puede sumar su cuarta jornada consecutiva sin conocer la derrota<\/p>\n","protected":false},"author":0,"featured_media":10529,"comment_status":"open","ping_status":"open","sticky":false,"template":"","format":"standard","meta":{"_acf_changed":false,"footnotes":""},"categories":[16],"tags":[],"class_list":["post-10528","post","type-post","status-publish","format-standard","has-post-thumbnail","hentry","category-deportes"],"acf":{"ser_id":"CNDSOLPEBZEQJK6CLZUD57RQKY","ser_url":"https:\/\/cadenaser.com\/comunitat-valenciana\/2024\/11\/21\/el-sporting-la-nucia-busca-mantener-su-buen-momento-en-galicia-radio-benidorm\/"},"_links":{"self":[{"href":"https:\/\/serbenidorm.daliisolutions.com\/index.php\/wp-json\/wp\/v2\/posts\/10528","targetHints":{"allow":["GET"]}}],"collection":[{"href":"https:\/\/serbenidorm.daliisolutions.com\/index.php\/wp-json\/wp\/v2\/posts"}],"about":[{"href":"https:\/\/serbenidorm.daliisolutions.com\/index.php\/wp-json\/wp\/v2\/types\/post"}],"replies":[{"embeddable":true,"href":"https:\/\/serbenidorm.daliisolutions.com\/index.php\/wp-json\/wp\/v2\/comments?post=10528"}],"version-history":[{"count":0,"href":"https:\/\/serbenidorm.daliisolutions.com\/index.php\/wp-json\/wp\/v2\/posts\/10528\/revisions"}],"wp:featuredmedia":[{"embeddable":true,"href":"https:\/\/serbenidorm.daliisolutions.com\/index.php\/wp-json\/wp\/v2\/media\/10529"}],"wp:attachment":[{"href":"https:\/\/serbenidorm.daliisolutions.com\/index.php\/wp-json\/wp\/v2\/media?parent=10528"}],"wp:term":[{"taxonomy":"category","embeddable":true,"href":"https:\/\/serbenidorm.daliisolutions.com\/index.php\/wp-json\/wp\/v2\/categories?post=10528"},{"taxonomy":"post_tag","embeddable":true,"href":"https:\/\/serbenidorm.daliisolutions.com\/index.php\/wp-json\/wp\/v2\/tags?post=10528"}],"curies":[{"name":"wp","href":"https:\/\/api.w.org\/{rel}","templated":true}]}}