{"id":1054,"date":"2024-01-02T15:31:23","date_gmt":"2024-01-02T14:31:23","guid":{"rendered":"https:\/\/serbenidorm.daliisolutions.com\/index.php\/2024\/01\/02\/la-campana-navidena-de-bonos-consumo-deja-en-benidorm-una-facturacion-de-mas-de-seis-millones-de-euros\/"},"modified":"2024-01-02T15:31:23","modified_gmt":"2024-01-02T14:31:23","slug":"la-campana-navidena-de-bonos-consumo-deja-en-benidorm-una-facturacion-de-mas-de-seis-millones-de-euros","status":"publish","type":"post","link":"https:\/\/serbenidorm.daliisolutions.com\/index.php\/2024\/01\/02\/la-campana-navidena-de-bonos-consumo-deja-en-benidorm-una-facturacion-de-mas-de-seis-millones-de-euros\/","title":{"rendered":"La campa\u00f1a navide\u00f1a de bonos consumo deja en Benidorm una facturaci\u00f3n de m\u00e1s de seis millones de euros"},"content":{"rendered":"  <p>Benidorm<\/p>   <p>La campa\u00f1a de bonos consumo celebrada entre el 15 y el 31 de diciembre en Benidorm ha dejado una <a href=\"https:\/\/cadenaser.com\/tag\/benidorm\/a\/\" target=\"_blank\" rel=\"noopener\">inyecci\u00f3n directa de 2.132.100 euros en los negocios locales <\/a>seg\u00fan los datos definitivos comunicados este martes en rueda de prensa por el alcalde Toni P\u00e9rez y el concejal de Comercio Javier Jord\u00e1. <\/p>   <p>Esta cuarta edici\u00f3n de la iniciativa, que contaba con una aportaci\u00f3n municipal de 1.450.000 euros y otros 647.278 euros procedentes de la Diputaci\u00f3n Provincial de Alicante, ha arrojado una facturaci\u00f3n total en comercios y hosteler\u00eda de 6.216.049 euros: \u00abPr\u00e1cticamente por cada euro inyectado por el Ayuntamiento se han gastado otros dos m\u00e1s\u00bb ha afirmado el alcalde.<\/p>   <p><p>M\u00e1s informaci\u00f3n<\/p><figure><img decoding=\"async\" src=\"https:\/\/cadenaser.com\/resizer\/dk7peyUZofHKKNhN7BTeBgjrf6c=\/650x366\/filters:quality(70)\/cloudfront-eu-central-1.images.arcpublishing.com\/prisaradio\/6FHFN7UVBZCOHCR3RZVVOZ6GNU.jpg\" loading=\"lazy\" width=\"828\" height=\"621\" \/><\/figure><ul><li><a href=\"https:\/\/cadenaser.com\/comunitat-valenciana\/2023\/12\/29\/benidorm-rescinde-el-contrato-a-la-empresa-de-la-zona-azul-y-le-incauta-la-fianza-por-incumplimientos-radio-benidorm\/\">Benidorm rescinde el contrato a la empresa de la zona azul y le incauta la fianza por incumplimientos<\/a><\/li><\/ul><\/p>   <p>Han sido, en total, 47.219 empadronados mayores de 18 a\u00f1os los han solicitado estos bonos, un 3,7 % por encima del a\u00f1o pasado. Por el contrario el n\u00famero de establecimientos adheridos ha pasado esta Navidad de 678 a 493. <\/p>   <p>El primer edil ha comentado al respecto que \u00abes algo positivo, aunque pueda no parecerlo, porque nos consta que hay negocios que no se han sumado porque saben que la gente viene a consumir a Benidorm y que su local funciona igual\u00bb.<\/p>   <p>El alcalde ha aludido tambi\u00e9n a la atenci\u00f3n presencial de ciudadanos que, en especial los primeros d\u00edas, acudieron al Ayuntamiento y las extensiones administrativas para que les fueran tramitados sus bonos consumo: \u00abEn total han sido 2.102 personas, un 4,5% de la poblaci\u00f3n que se concentraron casi todos el primer d\u00eda porque algunos hab\u00edan lanzado mensajes de miedo alarmando de que no iba a haber ni dinero ni bonos para todos\u00bb.<\/p>  <p><p class=\"tit\"><span>Hora 14 Benidorm (02\/01\/2024)<\/span><\/p> <p class=\"emb\"><\/p><\/p>   <p>As\u00ed empezaba a responder P\u00e9rez a las criticas de la oposici\u00f3n en los primeros compases de esta campa\u00f1a. Entonces el PSOE advirti\u00f3 que 24.000 vecinos pod\u00edan quedarse fuera ya que el presupuesto no cubr\u00eda el caso de que todos los posibles beneficiarios usaran los bonos. El alcalde ha destacado ahora que ese supuesto no ha ocurrido: \u00abEspero que hoy, a la vista de los datos salgan a pedir perd\u00f3n y disculpas porque, una vez m\u00e1s, han fallado\u00bb.<\/p>   <p>Todav\u00eda en clave pol\u00edtica, insist\u00eda en que \u00abel Ayuntamiento no deja fuera a nadie\u201d y recriminaba a los socialistas que \u201csus alertas solo han generado alarmas y dudas; y eso es imperdonable\u00bb. <\/p>   <p>Pago en varias tandas y futuro de la campa\u00f1a<\/p>   <p>Del pago a los negocios adheridos y tras una primera remesa atendida el pasado 21 de diciembre; la siguiente, ha asegurado durante su comparecencia el primer edil, se aprobar\u00e1 a partir del 8 de enero, una vez superado el periodo navide\u00f1o.<\/p>   <p>Por \u00faltimo, el alcalde no hac\u00eda ninguna concreci\u00f3n sobre futuras campa\u00f1as del bono, aunque s\u00ed ha se\u00f1alado que este calendario es el m\u00e1s \u00f3ptimo para celebrarlas: \u00abCualquier movimiento que pueda hacer este gobierno depender\u00e1 de la actividad presupuestaria del ejercicio 2024 [&#8230;] La fecha del 15 al 31 de diciembre es la que mejor consigue los objetivos que el gobierno del Partido Popular en Benidorm persigue\u00bb.<b><br \/> <\/b><\/p> ","protected":false},"excerpt":{"rendered":"<p>Aumento del n\u00famero de vecinos que han descargado los bonos y descenso de los negocios adheridos a la iniciativa<\/p>\n","protected":false},"author":0,"featured_media":1055,"comment_status":"open","ping_status":"open","sticky":false,"template":"","format":"standard","meta":{"_acf_changed":false,"footnotes":""},"categories":[1],"tags":[],"class_list":["post-1054","post","type-post","status-publish","format-standard","has-post-thumbnail","hentry","category-sin-categoria"],"acf":{"ser_id":"AY4JN7D4IBB2VLYKPFJJV6VAPU","ser_url":"https:\/\/cadenaser.com\/comunitat-valenciana\/2024\/01\/02\/la-campana-navidena-de-bonos-consumo-deja-en-benidorm-una-facturacion-de-mas-de-seis-millones-de-euros-radio-benidorm\/"},"_links":{"self":[{"href":"https:\/\/serbenidorm.daliisolutions.com\/index.php\/wp-json\/wp\/v2\/posts\/1054","targetHints":{"allow":["GET"]}}],"collection":[{"href":"https:\/\/serbenidorm.daliisolutions.com\/index.php\/wp-json\/wp\/v2\/posts"}],"about":[{"href":"https:\/\/serbenidorm.daliisolutions.com\/index.php\/wp-json\/wp\/v2\/types\/post"}],"replies":[{"embeddable":true,"href":"https:\/\/serbenidorm.daliisolutions.com\/index.php\/wp-json\/wp\/v2\/comments?post=1054"}],"version-history":[{"count":0,"href":"https:\/\/serbenidorm.daliisolutions.com\/index.php\/wp-json\/wp\/v2\/posts\/1054\/revisions"}],"wp:featuredmedia":[{"embeddable":true,"href":"https:\/\/serbenidorm.daliisolutions.com\/index.php\/wp-json\/wp\/v2\/media\/1055"}],"wp:attachment":[{"href":"https:\/\/serbenidorm.daliisolutions.com\/index.php\/wp-json\/wp\/v2\/media?parent=1054"}],"wp:term":[{"taxonomy":"category","embeddable":true,"href":"https:\/\/serbenidorm.daliisolutions.com\/index.php\/wp-json\/wp\/v2\/categories?post=1054"},{"taxonomy":"post_tag","embeddable":true,"href":"https:\/\/serbenidorm.daliisolutions.com\/index.php\/wp-json\/wp\/v2\/tags?post=1054"}],"curies":[{"name":"wp","href":"https:\/\/api.w.org\/{rel}","templated":true}]}}