{"id":10557,"date":"2024-11-22T14:52:50","date_gmt":"2024-11-22T13:52:50","guid":{"rendered":"https:\/\/serbenidorm.daliisolutions.com\/index.php\/2024\/11\/22\/la-vila-joiosa-reforzara-la-vigilancia-en-el-hospital-marina-baixa-por-la-creciente-inseguridad\/"},"modified":"2024-11-22T14:52:50","modified_gmt":"2024-11-22T13:52:50","slug":"la-vila-joiosa-reforzara-la-vigilancia-en-el-hospital-marina-baixa-por-la-creciente-inseguridad","status":"publish","type":"post","link":"https:\/\/serbenidorm.daliisolutions.com\/index.php\/2024\/11\/22\/la-vila-joiosa-reforzara-la-vigilancia-en-el-hospital-marina-baixa-por-la-creciente-inseguridad\/","title":{"rendered":"La Vila Joiosa reforzar\u00e1 la vigilancia en el Hospital Marina Baixa por la creciente inseguridad"},"content":{"rendered":"  <p><\/p>   <p>La Vila Joiosa<\/p>   <p>La direcci\u00f3n del Hospital Marina Baixa y sus trabajadores vienen advirtiendo un incremento de la inseguridad a las puertas del centro comarcal, en La Vila Joiosa, que va a motivar un refuerzo de la vigilancia por parte de la Polic\u00eda Local.<\/p>   <p>As\u00ed lo ha confirmado el concejal de Seguridad Ciudadana, Jaime Santamar\u00eda, que explica c\u00f3mo <a href=\"https:\/\/cadenaser.com\/tag\/vila_joiosa\/a\/\" target=\"_blank\">las patrullas van a prestar especial atenci\u00f3n al aparcamiento en los momentos de cambio de turno, sobre todo entre la tarde y la noche, tras los robos sufridos por empleados<\/a>.<\/p>  <p><p>M\u00e1s informaci\u00f3n<\/p><figure><img loading=\"lazy\" decoding=\"async\" src=\"https:\/\/cadenaser.com\/resizer\/v2\/CC5QQTSG7ZE2XAVYBDBHV24EGI.jpg?auth=71faa268d2c399c60a14b3cfbc20766e8cc088a5b13781f5fd5a08449009695c&amp;quality=70&amp;width=360&amp;height=202&amp;smart=true\" width=\"820\" height=\"621\" \/><\/figure><ul><li><a href=\"https:\/\/cadenaser.com\/comunitat-valenciana\/2024\/11\/21\/ii-fira-solidaria-de-la-vila-joiosa-el-sabado-30-de-noviembre-en-la-finca-la-babera-radio-benidorm\/\"><span>II Fira Solidaria de La Vila Joiosa el s\u00e1bado 30 de noviembre en la Finca La Babera<\/span><\/a><\/li><\/ul><\/p>   <p>\u00abEsta misma semana hemos recibido una llamada de la direcci\u00f3n general del hospital comentando la situaci\u00f3n que se est\u00e1 viviendo algunos d\u00edas y la medida que hemos tomado desde el Ayuntamiento es enviar la patrulla de polic\u00eda sobre todo en las horas de cambio de los trabajadores\u00bb, ha se\u00f1alado Santamar\u00eda.<\/p>   <p>En conocimiento de la Guardia Civil<\/p>   <p>Adem\u00e1s, el edil ha asegurado haber puesto en conocimiento de la Guardia Civil los \u00faltimos sucesos para que tambi\u00e9n tengan conocimiento de lo ocurrido.<\/p>   <p>Quejas por la falta de seguridad en el parking a las que tambi\u00e9n se han sumado usuarios y pacientes, como sali\u00f3 a colaci\u00f3n en el turno de ruegos y preguntas del pleno celebrado este jueves en el consistorio vilero. Por otro lado, el hospital comarcal se encuentra en estos momentos en pleno proceso de ampliaci\u00f3n de sus instalaciones.<\/p>   <p>     .c-w{         max-width:444px;         width:100%;         margin:32px auto;      background:#00755E;         border-radius:4px;         display:flex;         align-items:center;         justify-content:center;     }     .c-w a{         display:flex;         align-items:center;         justify-content:center;         padding:4px 24px;     }     .c-w img{         width:24px;         margin-right:12px;     }     .c-w p{         font:18px\/25px Poppins;         text-align:center;         color:#fff;         margin:0;     }     @media (max-width:444px){         .c-w a{             padding:4px 12px;         }         .c-w img{             width:24px;             margin-right:8px;         }         .c-w p{             font:14px\/25px Poppins;         }     }     @media (max-width:335px){         .c-w p{             font:13px\/25px Poppins;         }     }  <div class=\"c-w\">     <a href=\"https:\/\/www.whatsapp.com\/channel\/0029Va633PF9WtC4l7XUzh1e\" target=\"_blank\">         <img decoding=\"async\" src=\"https:\/\/cadenaser.com\/estaticos\/recursosgraficos\/responsive\/img\/ico-whatsapp.svg\" alt=\"Whatsapp\">         <p>\u00danete al <b>canal de WhatsApp<\/b> de la SER<\/p>     <\/a> <\/div><\/p> ","protected":false},"excerpt":{"rendered":"<p>La direcci\u00f3n del centro ha pedido ayuda para evitar robos a sus trabajadores<\/p>\n","protected":false},"author":0,"featured_media":10558,"comment_status":"open","ping_status":"open","sticky":false,"template":"","format":"standard","meta":{"_acf_changed":false,"footnotes":""},"categories":[1],"tags":[],"class_list":["post-10557","post","type-post","status-publish","format-standard","has-post-thumbnail","hentry","category-sin-categoria"],"acf":{"ser_id":"6NQQ7DFSZJE7TGKTYDB3Q4IRMQ","ser_url":"https:\/\/cadenaser.com\/comunitat-valenciana\/2024\/11\/22\/la-vila-joiosa-reforzara-la-vigilancia-en-el-hospital-marina-baixa-por-la-creciente-inseguridad-radio-benidorm\/"},"_links":{"self":[{"href":"https:\/\/serbenidorm.daliisolutions.com\/index.php\/wp-json\/wp\/v2\/posts\/10557","targetHints":{"allow":["GET"]}}],"collection":[{"href":"https:\/\/serbenidorm.daliisolutions.com\/index.php\/wp-json\/wp\/v2\/posts"}],"about":[{"href":"https:\/\/serbenidorm.daliisolutions.com\/index.php\/wp-json\/wp\/v2\/types\/post"}],"replies":[{"embeddable":true,"href":"https:\/\/serbenidorm.daliisolutions.com\/index.php\/wp-json\/wp\/v2\/comments?post=10557"}],"version-history":[{"count":0,"href":"https:\/\/serbenidorm.daliisolutions.com\/index.php\/wp-json\/wp\/v2\/posts\/10557\/revisions"}],"wp:featuredmedia":[{"embeddable":true,"href":"https:\/\/serbenidorm.daliisolutions.com\/index.php\/wp-json\/wp\/v2\/media\/10558"}],"wp:attachment":[{"href":"https:\/\/serbenidorm.daliisolutions.com\/index.php\/wp-json\/wp\/v2\/media?parent=10557"}],"wp:term":[{"taxonomy":"category","embeddable":true,"href":"https:\/\/serbenidorm.daliisolutions.com\/index.php\/wp-json\/wp\/v2\/categories?post=10557"},{"taxonomy":"post_tag","embeddable":true,"href":"https:\/\/serbenidorm.daliisolutions.com\/index.php\/wp-json\/wp\/v2\/tags?post=10557"}],"curies":[{"name":"wp","href":"https:\/\/api.w.org\/{rel}","templated":true}]}}