{"id":1056,"date":"2024-01-02T15:31:23","date_gmt":"2024-01-02T14:31:23","guid":{"rendered":"https:\/\/serbenidorm.daliisolutions.com\/index.php\/2024\/01\/02\/benidorm-entregara-647-000-euros-a-193-pymes-y-autonomos-para-paliar-el-impacto-economico-de-la-guerra-de-ucrania\/"},"modified":"2024-01-02T15:31:23","modified_gmt":"2024-01-02T14:31:23","slug":"benidorm-entregara-647-000-euros-a-193-pymes-y-autonomos-para-paliar-el-impacto-economico-de-la-guerra-de-ucrania","status":"publish","type":"post","link":"https:\/\/serbenidorm.daliisolutions.com\/index.php\/2024\/01\/02\/benidorm-entregara-647-000-euros-a-193-pymes-y-autonomos-para-paliar-el-impacto-economico-de-la-guerra-de-ucrania\/","title":{"rendered":"Benidorm entregar\u00e1 647.000 euros a 193 pymes y aut\u00f3nomos para paliar el impacto econ\u00f3mico de la guerra de Ucrania"},"content":{"rendered":"  <p>Benidorm<\/p>   <p>El Ayuntamiento de Benidorm ha lanzado una l\u00ednea de ayudas para pymes y aut\u00f3nomos destinadas a minimizar el impacto econ\u00f3mico de la guerra de Ucrania. La partida econ\u00f3mica asciende a  647.278 y <a href=\"https:\/\/cadenaser.com\/tag\/benidorm\/a\/\" target=\"_blank\" rel=\"noopener\">los comercios y establecimientos que resulten beneficiarios podr\u00e1n obtener una aportaci\u00f3n de de un m\u00e1ximo de 3.647 euros cada uno<\/a>.<\/p>   <p>La convocatoria ha sido financiada por la Diputaci\u00f3n Provincial de Alicante y ha llegado, en la capital tur\u00edstica de la Comunitat Valenciana, a 193 pymes y aut\u00f3nomos solicitantes que han cumplido los requisitos.  <\/p>   <p>Con esta subvenci\u00f3n los beneficiarios podr\u00e1n hacer frente a los gastos abonados entre el 1 de julio de 2022 y el 30 de junio de este a\u00f1o. Ser\u00e1n  subvencionables gastos como el alquiler del local, los intereses de pr\u00e9stamos para la adquisici\u00f3n del local del negocio, la mitad del importe satisfecho en luz, gas y carburante, as\u00ed como la cuota de aut\u00f3nomos.<\/p>   <p><p>M\u00e1s informaci\u00f3n<\/p><figure><img decoding=\"async\" src=\"https:\/\/cadenaser.com\/resizer\/e95VeHQH3Kf7YxfT8sVDtRYR2aA=\/650x366\/filters:quality(70)\/cloudfront-eu-central-1.images.arcpublishing.com\/prisaradio\/NZI7EUUBEVBYNEKUIEKNPVONUY.jpg\" loading=\"lazy\" width=\"828\" height=\"621\" \/><\/figure><ul><li><a href=\"https:\/\/cadenaser.com\/comunitat-valenciana\/2024\/01\/02\/la-campana-navidena-de-bonos-consumo-deja-en-benidorm-una-facturacion-de-mas-de-seis-millones-de-euros-radio-benidorm\/\">La campa\u00f1a navide\u00f1a de bonos consumo deja en Benidorm una facturaci\u00f3n de m\u00e1s de seis millones de euros<\/a><\/li><\/ul><\/p>   <p>La edil de Empleo de Benidorm, M\u00f3nica G\u00f3mez, ha destacado que \u00abse trata de una inyecci\u00f3n econ\u00f3mica \u2018extra\u2019 para el tejido productivo y los emprendedores de Benidorm en un  momento de gran incertidumbre, no exento de dificultades y en el que los precios est\u00e1n en clara y constante escalada\u00bb.<\/p>   <p>Las bases de esta convocatoria de ayudas fueron aprobadas por la Junta de  Gobierno Local el pasado 22 de noviembre, si bien vista la llegada de solicitudes y con el fin  de alcanzar el mayor n\u00famero de beneficiarios se decidi\u00f3 ampliar el plazo inicial hasta el pasado 10 de diciembre.<\/p> ","protected":false},"excerpt":{"rendered":"<p>Ayudas financiadas por la Diputaci\u00f3n<\/p>\n","protected":false},"author":0,"featured_media":1057,"comment_status":"open","ping_status":"open","sticky":false,"template":"","format":"standard","meta":{"_acf_changed":false,"footnotes":""},"categories":[1],"tags":[],"class_list":["post-1056","post","type-post","status-publish","format-standard","has-post-thumbnail","hentry","category-sin-categoria"],"acf":{"ser_id":"KW64YN2OANCIDGZE6WZAYL7IDI","ser_url":"https:\/\/cadenaser.com\/comunitat-valenciana\/2024\/01\/02\/benidorm-entregara-647000-euros-a-193-pymes-y-autonomos-para-paliar-el-impacto-economico-de-la-guerra-de-ucrania-radio-benidorm\/"},"_links":{"self":[{"href":"https:\/\/serbenidorm.daliisolutions.com\/index.php\/wp-json\/wp\/v2\/posts\/1056","targetHints":{"allow":["GET"]}}],"collection":[{"href":"https:\/\/serbenidorm.daliisolutions.com\/index.php\/wp-json\/wp\/v2\/posts"}],"about":[{"href":"https:\/\/serbenidorm.daliisolutions.com\/index.php\/wp-json\/wp\/v2\/types\/post"}],"replies":[{"embeddable":true,"href":"https:\/\/serbenidorm.daliisolutions.com\/index.php\/wp-json\/wp\/v2\/comments?post=1056"}],"version-history":[{"count":0,"href":"https:\/\/serbenidorm.daliisolutions.com\/index.php\/wp-json\/wp\/v2\/posts\/1056\/revisions"}],"wp:featuredmedia":[{"embeddable":true,"href":"https:\/\/serbenidorm.daliisolutions.com\/index.php\/wp-json\/wp\/v2\/media\/1057"}],"wp:attachment":[{"href":"https:\/\/serbenidorm.daliisolutions.com\/index.php\/wp-json\/wp\/v2\/media?parent=1056"}],"wp:term":[{"taxonomy":"category","embeddable":true,"href":"https:\/\/serbenidorm.daliisolutions.com\/index.php\/wp-json\/wp\/v2\/categories?post=1056"},{"taxonomy":"post_tag","embeddable":true,"href":"https:\/\/serbenidorm.daliisolutions.com\/index.php\/wp-json\/wp\/v2\/tags?post=1056"}],"curies":[{"name":"wp","href":"https:\/\/api.w.org\/{rel}","templated":true}]}}