{"id":10574,"date":"2024-11-22T19:38:03","date_gmt":"2024-11-22T18:38:03","guid":{"rendered":"https:\/\/serbenidorm.daliisolutions.com\/index.php\/2024\/11\/22\/el-atleta-mario-raul-martinez-prepara-en-benidorm-su-carrera-de-24-horas-para-visibilizar-el-sindrome-de-usher\/"},"modified":"2024-11-22T19:38:03","modified_gmt":"2024-11-22T18:38:03","slug":"el-atleta-mario-raul-martinez-prepara-en-benidorm-su-carrera-de-24-horas-para-visibilizar-el-sindrome-de-usher","status":"publish","type":"post","link":"https:\/\/serbenidorm.daliisolutions.com\/index.php\/2024\/11\/22\/el-atleta-mario-raul-martinez-prepara-en-benidorm-su-carrera-de-24-horas-para-visibilizar-el-sindrome-de-usher\/","title":{"rendered":"El atleta Mario Ra\u00fal Mart\u00ednez prepara en Benidorm su carrera de 24 horas para visibilizar el s\u00edndrome de Usher"},"content":{"rendered":"  <p><\/p>   <p>Benidorm<\/p>   <p>Visibilizar el s\u00edndrome de Usher del que fue diagnosticado hace ya ocho a\u00f1os. Ese es el principal objetivo que lleva a Mario Ra\u00fal Mart\u00ednez a seguir superando barreras en forma de tiempo y kil\u00f3metros. Es el primer corredor sordociego en hacer carreras de ultradistancia y en diciembre afrontar\u00e1 su mayor reto en Barcelona.<\/p>   <p>Se trata de una prueba de atletismo de 24 horas en pista en la que, nos ha contado, parar\u00e1 lo justo: \u00abpara ir al ba\u00f1o y reponer hidratos\u00bb. Una prueba solidaria que tendr\u00e1 lugar, en concreto, los d\u00edas 14 y 15 de diciembre en el Estadio Joan Serrahima de la ciudad condal.<\/p>   <p><div class=\"oembed instagram\"><blockquote class=\"instagram-media\" data-instgrm-captioned data-instgrm-permalink=\"https:\/\/www.instagram.com\/p\/DBNuZYVtRYz\/?utm_source=ig_embed&amp;utm_campaign=loading\" data-instgrm-version=\"14\" style=\"background:#FFF;border:0;border-radius:3px;margin: 1px;max-width:658px;min-width:326px;padding:0;width:99.375%;width:-webkit-calc(100% - 2px);width:calc(100% - 2px)\"><div style=\"padding:16px\"> <a href=\"https:\/\/www.instagram.com\/p\/DBNuZYVtRYz\/?utm_source=ig_embed&amp;utm_campaign=loading\" style=\"background:#FFFFFF;line-height:0;padding:0 0;text-align:center;text-decoration:none;width:100%\" target=\"_blank\"> <div style=\"flex-direction: row;align-items: center\"> <div style=\"background-color: #F4F4F4;border-radius: 50%;flex-grow: 0;height: 40px;margin-right: 14px;width: 40px\"><\/div> <div style=\"flex-direction: column;flex-grow: 1;justify-content: center\"> <div style=\"background-color: #F4F4F4;border-radius: 4px;flex-grow: 0;height: 14px;margin-bottom: 6px;width: 100px\"><\/div> <div style=\"background-color: #F4F4F4;border-radius: 4px;flex-grow: 0;height: 14px;width: 60px\"><\/div><\/div><\/div><div style=\"padding: 19% 0\"><\/div> <div style=\"height:50px;margin:0 auto 12px;width:50px\"><\/div><div style=\"padding-top: 8px\"> <div style=\"color:#3897f0;font-family:Arial,sans-serif;font-size:14px;font-style:normal;font-weight:550;line-height:18px\">View this post on Instagram<\/div><\/div><div style=\"padding: 12.5% 0\"><\/div> <div style=\"flex-direction: row;margin-bottom: 14px;align-items: center\"><div> <div style=\"background-color: #F4F4F4;border-radius: 50%;height: 12.5px;width: 12.5px\"><\/div> <div style=\"background-color: #F4F4F4;height: 12.5px;width: 12.5px;flex-grow: 0;margin-right: 14px;margin-left: 2px\"><\/div> <div style=\"background-color: #F4F4F4;border-radius: 50%;height: 12.5px;width: 12.5px\"><\/div><\/div><div style=\"margin-left: 8px\"> <div style=\"background-color: #F4F4F4;border-radius: 50%;flex-grow: 0;height: 20px;width: 20px\"><\/div> <div style=\"width: 0;height: 0;border-top: 2px solid transparent;border-left: 6px solid #f4f4f4;border-bottom: 2px solid transparent\"><\/div><\/div><div style=\"margin-left: auto\"> <div style=\"width: 0px;border-top: 8px solid #F4F4F4;border-right: 8px solid transparent\"><\/div> <div style=\"background-color: #F4F4F4;flex-grow: 0;height: 12px;width: 16px\"><\/div> <div style=\"width: 0;height: 0;border-top: 8px solid #F4F4F4;border-left: 8px solid transparent\"><\/div><\/div><\/div> <div style=\"flex-direction: column;flex-grow: 1;justify-content: center;margin-bottom: 24px\"> <div style=\"background-color: #F4F4F4;border-radius: 4px;flex-grow: 0;height: 14px;margin-bottom: 6px;width: 224px\"><\/div> <div style=\"background-color: #F4F4F4;border-radius: 4px;flex-grow: 0;height: 14px;width: 144px\"><\/div><\/div><\/a><p style=\"color:#c9c8cd;font-family:Arial,sans-serif;font-size:14px;line-height:17px;margin-bottom:0;margin-top:8px;overflow:hidden;padding:8px 0 7px;text-align:center\"><a href=\"https:\/\/www.instagram.com\/p\/DBNuZYVtRYz\/?utm_source=ig_embed&amp;utm_campaign=loading\" style=\"color:#c9c8cd;font-family:Arial,sans-serif;font-size:14px;font-style:normal;font-weight:normal;line-height:17px;text-decoration:none\" target=\"_blank\">A post shared by Mario Raul Martinez casta\u00f1o (@m.a.r.i.e.t.e)<\/a><\/p><\/div><\/blockquote> <\/div><\/p>   <p>Durante esta marat\u00f3n de atletismo, corredores y equipos de relevos competir\u00e1n durante toda una jornada en un ambiente de esfuerzo, solidaridad y compromiso para crear conciencia y apoyar nuestra lucha para encontrar una cura para la ceguera infantil asociada con el s\u00edndrome de Usher.<\/p>   <p>Entrenamiento en Benidorm<\/p>   <p>As\u00ed las cosas y tras recorrer 90 kil\u00f3metros entre Murcia y Caravaca de la Cruz, <a href=\"https:\/\/cadenaser.com\/tag\/benidorm\/a\/\" target=\"_blank\">la Benidorm Half de este s\u00e1bado es para Mario Ra\u00fal un entrenamiento de 21 kil\u00f3metros<\/a> en el que espera hacer junto a su gu\u00eda hacer un tiempo aproximado de una hora y cincuenta minutos. <\/p>   <p>M\u00e1s all\u00e1 del desnivel o las caracter\u00edsticas del suelo, asegura, lo m\u00e1s importante para \u00e9l es el sonido de cada carrera: \u00abAl no tener el est\u00edmulo visual, me gu\u00edo por la motivaci\u00f3n de la gente, el ambiente, romper el silencio para demostrar lo que estoy sintiendo\u00bb. \u00abIr todos a una, con la misma pisada, es algo que pasa inadvertido para la gente que ve\u00bb, insiste Mario Ra\u00fal. <\/p>   <p>     .c-w{         max-width:444px;         width:100%;         margin:32px auto;      background:#00755E;         border-radius:4px;         display:flex;         align-items:center;         justify-content:center;     }     .c-w a{         display:flex;         align-items:center;         justify-content:center;         padding:4px 24px;     }     .c-w img{         width:24px;         margin-right:12px;     }     .c-w p{         font:18px\/25px Poppins;         text-align:center;         color:#fff;         margin:0;     }     @media (max-width:444px){         .c-w a{             padding:4px 12px;         }         .c-w img{             width:24px;             margin-right:8px;         }         .c-w p{             font:14px\/25px Poppins;         }     }     @media (max-width:335px){         .c-w p{             font:13px\/25px Poppins;         }     }  <div class=\"c-w\">     <a href=\"https:\/\/www.whatsapp.com\/channel\/0029Va633PF9WtC4l7XUzh1e\" target=\"_blank\">         <img decoding=\"async\" src=\"https:\/\/cadenaser.com\/estaticos\/recursosgraficos\/responsive\/img\/ico-whatsapp.svg\" alt=\"Whatsapp\">         <p>\u00danete al <b>canal de WhatsApp<\/b> de la SER<\/p>     <\/a> <\/div><\/p> ","protected":false},"excerpt":{"rendered":"<p>Es el primer corredor sordociego en hacer carreras de ultradistancia<\/p>\n","protected":false},"author":0,"featured_media":10575,"comment_status":"open","ping_status":"open","sticky":false,"template":"","format":"standard","meta":{"_acf_changed":false,"footnotes":""},"categories":[1],"tags":[],"class_list":["post-10574","post","type-post","status-publish","format-standard","has-post-thumbnail","hentry","category-sin-categoria"],"acf":{"ser_id":"HVOOOTEOIBHWND5RWK4R5OI24A","ser_url":"https:\/\/cadenaser.com\/comunitat-valenciana\/2024\/11\/22\/el-atleta-mario-raul-martinez-prepara-en-benidorm-su-carrera-de-24-horas-para-visibilizar-el-sindrome-de-usher-radio-benidorm\/"},"_links":{"self":[{"href":"https:\/\/serbenidorm.daliisolutions.com\/index.php\/wp-json\/wp\/v2\/posts\/10574","targetHints":{"allow":["GET"]}}],"collection":[{"href":"https:\/\/serbenidorm.daliisolutions.com\/index.php\/wp-json\/wp\/v2\/posts"}],"about":[{"href":"https:\/\/serbenidorm.daliisolutions.com\/index.php\/wp-json\/wp\/v2\/types\/post"}],"replies":[{"embeddable":true,"href":"https:\/\/serbenidorm.daliisolutions.com\/index.php\/wp-json\/wp\/v2\/comments?post=10574"}],"version-history":[{"count":0,"href":"https:\/\/serbenidorm.daliisolutions.com\/index.php\/wp-json\/wp\/v2\/posts\/10574\/revisions"}],"wp:featuredmedia":[{"embeddable":true,"href":"https:\/\/serbenidorm.daliisolutions.com\/index.php\/wp-json\/wp\/v2\/media\/10575"}],"wp:attachment":[{"href":"https:\/\/serbenidorm.daliisolutions.com\/index.php\/wp-json\/wp\/v2\/media?parent=10574"}],"wp:term":[{"taxonomy":"category","embeddable":true,"href":"https:\/\/serbenidorm.daliisolutions.com\/index.php\/wp-json\/wp\/v2\/categories?post=10574"},{"taxonomy":"post_tag","embeddable":true,"href":"https:\/\/serbenidorm.daliisolutions.com\/index.php\/wp-json\/wp\/v2\/tags?post=10574"}],"curies":[{"name":"wp","href":"https:\/\/api.w.org\/{rel}","templated":true}]}}