{"id":10576,"date":"2024-11-22T19:38:04","date_gmt":"2024-11-22T18:38:04","guid":{"rendered":"https:\/\/serbenidorm.daliisolutions.com\/index.php\/2024\/11\/22\/hoteles-bares-y-tiendas-de-benidorm-competiran-de-nuevo-por-tener-el-mejor-escaparate-navideno\/"},"modified":"2024-11-22T19:38:04","modified_gmt":"2024-11-22T18:38:04","slug":"hoteles-bares-y-tiendas-de-benidorm-competiran-de-nuevo-por-tener-el-mejor-escaparate-navideno","status":"publish","type":"post","link":"https:\/\/serbenidorm.daliisolutions.com\/index.php\/2024\/11\/22\/hoteles-bares-y-tiendas-de-benidorm-competiran-de-nuevo-por-tener-el-mejor-escaparate-navideno\/","title":{"rendered":"Hoteles, bares y tiendas de Benidorm competir\u00e1n de nuevo por tener el mejor escaparate navide\u00f1o"},"content":{"rendered":"  <p><\/p>   <p>Benidorm<\/p>   <p>El Ayuntamiento de Benidorm ha convocado el XXXI Concurso de Escaparatismo Navide\u00f1o que repartir\u00e1 hasta 8.000 euros en premios a las mejores decoraciones de establecimientos comerciales de la ciudad.<\/p>   <p>Como en a\u00f1o anteriores el concurso cuenta con tres categor\u00edas, por lo que podr\u00e1n presentar sus propuestas tanto hoteles como establecimientos de hosteler\u00eda y comercios.<\/p>  <p><p>M\u00e1s informaci\u00f3n<\/p><figure><img loading=\"lazy\" decoding=\"async\" src=\"https:\/\/cadenaser.com\/resizer\/v2\/SF43BJKS7VGTBIB547M2CYFBXQ.jpeg?auth=625687dc1aae9fa153ee034098e644e95d9e1e9989c9d52a0f783ac11040019c&amp;quality=70&amp;width=360&amp;height=202&amp;smart=true\" width=\"820\" height=\"621\" \/><\/figure><ul><li><a href=\"https:\/\/cadenaser.com\/comunitat-valenciana\/2024\/11\/21\/amparo-cumple-104-anos-la-receta-de-una-de-las-vecinas-mas-longevas-de-benidorm-radio-benidorm\/\"><span>Amparo cumple 104 a\u00f1os: la receta de una de las vecinas m\u00e1s longevas de Benidorm<\/span><\/a><\/li><\/ul><\/p>   <p>El plazo de inscripci\u00f3n se abre el pr\u00f3ximo 25 de noviembre y finalizar\u00e1 el 5 de diciembre. Los ganadores del concurso dar\u00e1n a conocer en el transcurso de la gala que se celebrar\u00e1 el d\u00eda 20 de diciembre a las 21:00 horas.<\/p>   <p>As\u00ed ser\u00e1n los premios<\/p>   <p>En cuanto a los premios se ha buscado potenciar la difusi\u00f3n y promoci\u00f3n  de los establecimientos en redes sociales. \u201cLos criterios para valorar a  los participantes tendr\u00e1n en cuenta la creatividad de la decoraci\u00f3n, su originalidad, la ambientaci\u00f3n tem\u00e1tica, la est\u00e9tica y la publicidad en redes sociales\u201d ha se\u00f1alado el concejal de Comercio, Javier Jord\u00e1.<\/p>   <p>As\u00ed, tanto en la categor\u00eda de hosteler\u00eda\/restauraci\u00f3n como en la de comercios, el primer premio, valorado en 2.000 euros, consistir\u00e1 en 1.500 euros en efectivo y otros 500 en un reportaje de foto y v\u00eddeo para mejorar la visibilidad digital del local y su oferta comercial en redes y plataformas. El segundo premio, valorado en 1.000 euros, ofrecer\u00e1 500 euros en efectivo y el reportaje fotogr\u00e1fico y de  v\u00eddeo. El tercero conllevar\u00e1 250 euros en efectivo y el reportaje valorado en 500 euros.<\/p>   <p>     .c-w{         max-width:444px;         width:100%;         margin:32px auto;      background:#00755E;         border-radius:4px;         display:flex;         align-items:center;         justify-content:center;     }     .c-w a{         display:flex;         align-items:center;         justify-content:center;         padding:4px 24px;     }     .c-w img{         width:24px;         margin-right:12px;     }     .c-w p{         font:18px\/25px Poppins;         text-align:center;         color:#fff;         margin:0;     }     @media (max-width:444px){         .c-w a{             padding:4px 12px;         }         .c-w img{             width:24px;             margin-right:8px;         }         .c-w p{             font:14px\/25px Poppins;         }     }     @media (max-width:335px){         .c-w p{             font:13px\/25px Poppins;         }     }  <div class=\"c-w\">     <a href=\"https:\/\/www.whatsapp.com\/channel\/0029Va633PF9WtC4l7XUzh1e\" target=\"_blank\">         <img decoding=\"async\" src=\"https:\/\/cadenaser.com\/estaticos\/recursosgraficos\/responsive\/img\/ico-whatsapp.svg\" alt=\"Whatsapp\">         <p>\u00danete al <b>canal de WhatsApp<\/b> de la SER<\/p>     <\/a> <\/div><\/p>   <p>En lo que respecta a la categor\u00eda de hoteles, los premios consistir\u00e1n en unas placas conmemorativas y una campa\u00f1a de comunicaci\u00f3n en redes sociales.<\/p>   <p>Adem\u00e1s AICO y ABRECA entregar\u00e1n sendos previos consistentes en una tablet valorada en 250 euros entre aquellos de sus asociados que concurran al concurso.<\/p>   <p>El objetivo del concurso es fomentar la difusi\u00f3n y promoci\u00f3n de los negocios y \u201cpotenciar las compras y crear un ambiente navide\u00f1o en la ciudad\u201d tal y como ha explicado Jord\u00e1.<\/p>   <p>Por \u00faltimo todos los participantes, independientemente de la categor\u00eda, entrar\u00e1n en el sorteo de una cesta de Navidad valorada en 150 euros, s\u00f3lo por el hecho de participar. La cesta se sortear\u00e1 en la gala de entrega de premios entre los asistentes.<\/p> ","protected":false},"excerpt":{"rendered":"<p>Premios por valor de 8.000 euros<\/p>\n","protected":false},"author":0,"featured_media":10577,"comment_status":"open","ping_status":"open","sticky":false,"template":"","format":"standard","meta":{"_acf_changed":false,"footnotes":""},"categories":[1],"tags":[],"class_list":["post-10576","post","type-post","status-publish","format-standard","has-post-thumbnail","hentry","category-sin-categoria"],"acf":{"ser_id":"AKJJWZQOOFHE7FJTDHONQFSAMM","ser_url":"https:\/\/cadenaser.com\/comunitat-valenciana\/2024\/11\/22\/hoteles-bares-y-tiendas-de-benidorm-competiran-de-nuevo-por-tener-el-mejor-escaparate-navideno-radio-benidorm\/"},"_links":{"self":[{"href":"https:\/\/serbenidorm.daliisolutions.com\/index.php\/wp-json\/wp\/v2\/posts\/10576","targetHints":{"allow":["GET"]}}],"collection":[{"href":"https:\/\/serbenidorm.daliisolutions.com\/index.php\/wp-json\/wp\/v2\/posts"}],"about":[{"href":"https:\/\/serbenidorm.daliisolutions.com\/index.php\/wp-json\/wp\/v2\/types\/post"}],"replies":[{"embeddable":true,"href":"https:\/\/serbenidorm.daliisolutions.com\/index.php\/wp-json\/wp\/v2\/comments?post=10576"}],"version-history":[{"count":0,"href":"https:\/\/serbenidorm.daliisolutions.com\/index.php\/wp-json\/wp\/v2\/posts\/10576\/revisions"}],"wp:featuredmedia":[{"embeddable":true,"href":"https:\/\/serbenidorm.daliisolutions.com\/index.php\/wp-json\/wp\/v2\/media\/10577"}],"wp:attachment":[{"href":"https:\/\/serbenidorm.daliisolutions.com\/index.php\/wp-json\/wp\/v2\/media?parent=10576"}],"wp:term":[{"taxonomy":"category","embeddable":true,"href":"https:\/\/serbenidorm.daliisolutions.com\/index.php\/wp-json\/wp\/v2\/categories?post=10576"},{"taxonomy":"post_tag","embeddable":true,"href":"https:\/\/serbenidorm.daliisolutions.com\/index.php\/wp-json\/wp\/v2\/tags?post=10576"}],"curies":[{"name":"wp","href":"https:\/\/api.w.org\/{rel}","templated":true}]}}