{"id":10600,"date":"2024-11-24T10:44:00","date_gmt":"2024-11-24T09:44:00","guid":{"rendered":"https:\/\/serbenidorm.daliisolutions.com\/index.php\/2024\/11\/24\/el-derbi-del-voley-comarcal-cae-del-lado-del-servigroup-benidorm\/"},"modified":"2024-11-24T10:44:00","modified_gmt":"2024-11-24T09:44:00","slug":"el-derbi-del-voley-comarcal-cae-del-lado-del-servigroup-benidorm","status":"publish","type":"post","link":"https:\/\/serbenidorm.daliisolutions.com\/index.php\/2024\/11\/24\/el-derbi-del-voley-comarcal-cae-del-lado-del-servigroup-benidorm\/","title":{"rendered":"El derbi del v\u00f3ley comarcal cae del lado del Servigroup Benidorm"},"content":{"rendered":"  <p><\/p>   <p>Benidorm<\/p>   <p>El esperad\u00edsimo derbi del voleibol comarcal entre el <a href=\"https:\/\/cadenaser.com\/tag\/club_voleibol_finestrat\/a\/\" target=\"_blank\">Medsur-Finestrat<\/a> y el <a href=\"https:\/\/cadenaser.com\/tag\/club_voleibol_playas_benidorm\/a\/\" target=\"_blank\">Servigroup Playas de Benidorm<\/a> acab\u00f3 siendo favorable a los intereses del equipo visitante en un partido mucho menos igualado de lo que inicialmente se esperaba y que las de Noelia Santacreu solventaron con un claro 1-3 (25-18\/21-25\/13-25\/12-25) que las afianza en la zona media de la tabla y que, a su vez, coloca al <a href=\"https:\/\/cadenaser.com\/tag\/club_voleibol_finestrat\/a\/\" target=\"_blank\">equipo de Finestrat<\/a> en una muy delicada pen\u00faltima posici\u00f3n de la clasificaci\u00f3n y necesitado de una reacci\u00f3n urgente para no verse abocado al sufrimiento constante.<\/p>   <p>En el choque disputado en Finestrat, s\u00f3lo el segundo set, que fue el \u00fanico que cay\u00f3 del lado local, tuvo algo de historia, mientras que el resto, sobre todo los dos \u00faltimos, fueron de claro dominio visitante.<\/p>  <p><p>M\u00e1s informaci\u00f3n<\/p><figure><img loading=\"lazy\" decoding=\"async\" src=\"https:\/\/cadenaser.com\/resizer\/v2\/7TPHZLTOPNEVRHBDISODCMNOQU.jpg?auth=5734c3cd152c91a7dbdce0318636f67f00d0b49024eaa0729a8836509cc536cb&amp;quality=70&amp;width=360&amp;height=202&amp;smart=true\" width=\"820\" height=\"621\" \/><\/figure><ul><li><a href=\"https:\/\/cadenaser.com\/comunitat-valenciana\/2024\/09\/02\/todos-los-partidos-horarios-y-resultados-del-voleibol-radio-benidorm\/\"><span>Todos los partidos, horarios y resultados del voleibol<\/span><\/a><\/li><\/ul><\/p>   <p><b>Los chicos, a la Copa del Pr\u00edncipe<\/b><\/p>   <p>Los que tambi\u00e9n mostraron, una vez m\u00e1s, su dominio casi insultante en esta Superliga 2 fueron los chicos del equipo masculino del <a href=\"https:\/\/cadenaser.com\/tag\/club_voleibol_playas_benidorm\/a\/\" target=\"_blank\">Club Voleibol Playas de Benidorm<\/a>, que este s\u00e1bado visitaban la cancha del Villena-Petrer, un reci\u00e9n descendido que, antes de que arrancara la competici\u00f3n, estaba llamado a ser uno de los huesos m\u00e1s complicados del grupo y que, sin embargo, no pudo evitar otro mon\u00f3logo de los de Adriano Lamb, que se impusieron por 0-3 (20-25\/22-25\/18-25).<\/p>   <p>Tras este nuevo triunfo, el octavo de tres puntos en otras tantas jornadas disputadas, el <a href=\"https:\/\/cadenaser.com\/tag\/club_voleibol_playas_benidorm\/a\/\" target=\"_blank\">Servigroup Playas de Benidorm<\/a> se ha asegurado ya de forma matem\u00e1tica su presencia en la pr\u00f3xima edici\u00f3n de la Copa del Pr\u00edncipe a falta de tres jornadas para el final de la primera vuelta de la competici\u00f3n liguera, momento en el que el campe\u00f3n de invierno y el segundo clasificado de cada grupo accede a ese torneo del KO que, tras su clasificaci\u00f3n, podr\u00eda solicitar organizar cualquiera de los seis protagonistas.<\/p>   <p>En lo que a la competici\u00f3n liguera se refiere, el equipo del pabell\u00f3n Ra\u00fal Mesa se mantiene como clar\u00edsimo l\u00edder con seis puntos de ventaja sobre el Legan\u00e9s, segundo clasificado que tampoco fall\u00f3 en esta \u00faltima jornada.<\/p>   <p>     .c-w{         max-width:444px;         width:100%;         margin:32px auto;      background:#00755E;         border-radius:4px;         display:flex;         align-items:center;         justify-content:center;     }     .c-w a{         display:flex;         align-items:center;         justify-content:center;         padding:4px 24px;     }     .c-w img{         width:24px;         margin-right:12px;     }     .c-w p{         font:18px\/25px Poppins;         text-align:center;         color:#fff;         margin:0;     }     @media (max-width:444px){         .c-w a{             padding:4px 12px;         }         .c-w img{             width:24px;             margin-right:8px;         }         .c-w p{             font:14px\/25px Poppins;         }     }     @media (max-width:335px){         .c-w p{             font:13px\/25px Poppins;         }     }  <div class=\"c-w\">     <a href=\"https:\/\/www.whatsapp.com\/channel\/0029Va633PF9WtC4l7XUzh1e\" target=\"_blank\">         <img decoding=\"async\" src=\"https:\/\/cadenaser.com\/estaticos\/recursosgraficos\/responsive\/img\/ico-whatsapp.svg\" alt=\"Whatsapp\">         <p>\u00danete al <b>canal de WhatsApp<\/b> de la SER<\/p>     <\/a> <\/div><\/p> ","protected":false},"excerpt":{"rendered":"<p>El equipo masculino del Club Voleibol Playas de Benidorm estar\u00e1 en la Copa del Pr\u00edncipe<\/p>\n","protected":false},"author":0,"featured_media":10601,"comment_status":"open","ping_status":"open","sticky":false,"template":"","format":"standard","meta":{"_acf_changed":false,"footnotes":""},"categories":[1],"tags":[],"class_list":["post-10600","post","type-post","status-publish","format-standard","has-post-thumbnail","hentry","category-sin-categoria"],"acf":{"ser_id":"EEJ4SAYV3JB5BPZWBRNDQKCGFM","ser_url":"https:\/\/cadenaser.com\/comunitat-valenciana\/2024\/11\/24\/el-derbi-del-voley-comarcal-cae-del-lado-del-servigroup-benidorm-radio-benidorm\/"},"_links":{"self":[{"href":"https:\/\/serbenidorm.daliisolutions.com\/index.php\/wp-json\/wp\/v2\/posts\/10600","targetHints":{"allow":["GET"]}}],"collection":[{"href":"https:\/\/serbenidorm.daliisolutions.com\/index.php\/wp-json\/wp\/v2\/posts"}],"about":[{"href":"https:\/\/serbenidorm.daliisolutions.com\/index.php\/wp-json\/wp\/v2\/types\/post"}],"replies":[{"embeddable":true,"href":"https:\/\/serbenidorm.daliisolutions.com\/index.php\/wp-json\/wp\/v2\/comments?post=10600"}],"version-history":[{"count":0,"href":"https:\/\/serbenidorm.daliisolutions.com\/index.php\/wp-json\/wp\/v2\/posts\/10600\/revisions"}],"wp:featuredmedia":[{"embeddable":true,"href":"https:\/\/serbenidorm.daliisolutions.com\/index.php\/wp-json\/wp\/v2\/media\/10601"}],"wp:attachment":[{"href":"https:\/\/serbenidorm.daliisolutions.com\/index.php\/wp-json\/wp\/v2\/media?parent=10600"}],"wp:term":[{"taxonomy":"category","embeddable":true,"href":"https:\/\/serbenidorm.daliisolutions.com\/index.php\/wp-json\/wp\/v2\/categories?post=10600"},{"taxonomy":"post_tag","embeddable":true,"href":"https:\/\/serbenidorm.daliisolutions.com\/index.php\/wp-json\/wp\/v2\/tags?post=10600"}],"curies":[{"name":"wp","href":"https:\/\/api.w.org\/{rel}","templated":true}]}}