{"id":10602,"date":"2024-11-24T10:44:02","date_gmt":"2024-11-24T09:44:02","guid":{"rendered":"https:\/\/serbenidorm.daliisolutions.com\/index.php\/2024\/11\/24\/diego-coello-50-anos-congelando-el-tiempo\/"},"modified":"2024-11-24T10:44:02","modified_gmt":"2024-11-24T09:44:02","slug":"diego-coello-50-anos-congelando-el-tiempo","status":"publish","type":"post","link":"https:\/\/serbenidorm.daliisolutions.com\/index.php\/2024\/11\/24\/diego-coello-50-anos-congelando-el-tiempo\/","title":{"rendered":"Diego Coello, 50 a\u00f1os congelando el tiempo"},"content":{"rendered":"  <p><\/p>   <p>Benidorm<\/p>   <p>Aunque el recuerdo de su rostro est\u00e9, para muchos, escondido siempre detr\u00e1s de una c\u00e1mara, medio siglo de congelar en el tiempo los momentos m\u00e1s felices (con curiosas excepciones, como explica en esta entrevista) de las gentes de Altea han convertido a Diego Coello en uno de los vecinos m\u00e1s conocidos y queridos de la Villa Blanca.<\/p>   <p>Por delante de su objetivo han pasado infinidad de escenas, as\u00ed como rincones de su pueblo que, con el paso de los a\u00f1os, han cambiado o desaparecido. \u00c9l y su obra, tanto sus fotos como sus muchos art\u00edculos en prensa, son memoria pura de Altea.<\/p>   <p>\u201cGracias a mi trabajo y a la fotograf\u00eda he podido plasmar hechos hist\u00f3ricos y fotografiar a personas que ya han pasado. L\u00f3gicamente, la fotograf\u00eda es distante, pero luego el tiempo pasa y se convierten en el recuerdo que tenemos visualiz\u00e1ndolas\u201d, explica en el arranque de su visita a \u2018<a href=\"https:\/\/cadenaser.com\/radio-benidorm\/a-vivir-benidorm\/\" target=\"_blank\">A Vivir Benidorm<\/a>\u2019, donde ha repasado algunos de los momentos m\u00e1s especiales de este medio siglo tras una c\u00e1mara.<\/p>   <p>Y todo, desde un municipio, Altea, que pasa por ser uno de los m\u00e1s fotografiados (por su belleza) de la Costa Blanca. Un lugar que \u201cha sido muy fotografiado y lo sigue siendo porque est\u00e1 de moda en las redes sociales\u201d.<\/p>   <p><p>M\u00e1s informaci\u00f3n<\/p><ul><li><a href=\"https:\/\/cadenaser.com\/radio-benidorm\/a-vivir-benidorm\/\"><span>Todos los contenidos de &#8216;A Vivir Benidorm&#8217;<\/span><\/a><\/li><\/ul><\/p>   <p>Diego Coello recuerda, en ese mismo sentido, que \u201cHa habido muchos compa\u00f1eros fot\u00f3grafos, de otras ciudades, que me llamaban y dec\u00edan \u2018oye, \u00bfpor qu\u00e9 no me dices sitios de Altea para fotografiar a los novios o para hacer una sesi\u00f3n de fotos?\u2019. Y ah\u00ed es donde yo me hac\u00eda esa pregunta tan importante: \u00bfC\u00f3mo ver\u00eda yo Altea desde fuera, con ojos de forastero? Por lo tanto, esa es la respuesta. Para encontrar ese encuadre diferente, me tengo que poner los ojos de forastero y descubrir rincones por los que he pasado muchas veces y no hab\u00eda apreciado\u201d.<\/p>   <p>     .c-w{         max-width:444px;         width:100%;         margin:32px auto;      background:#00755E;         border-radius:4px;         display:flex;         align-items:center;         justify-content:center;     }     .c-w a{         display:flex;         align-items:center;         justify-content:center;         padding:4px 24px;     }     .c-w img{         width:24px;         margin-right:12px;     }     .c-w p{         font:18px\/25px Poppins;         text-align:center;         color:#fff;         margin:0;     }     @media (max-width:444px){         .c-w a{             padding:4px 12px;         }         .c-w img{             width:24px;             margin-right:8px;         }         .c-w p{             font:14px\/25px Poppins;         }     }     @media (max-width:335px){         .c-w p{             font:13px\/25px Poppins;         }     }  <div class=\"c-w\">     <a href=\"https:\/\/www.whatsapp.com\/channel\/0029Va633PF9WtC4l7XUzh1e\" target=\"_blank\">         <img decoding=\"async\" src=\"https:\/\/cadenaser.com\/estaticos\/recursosgraficos\/responsive\/img\/ico-whatsapp.svg\" alt=\"Whatsapp\">         <p>\u00danete al <b>canal de WhatsApp<\/b> de la SER<\/p>     <\/a> <\/div><\/p>   <p>Diego Coello es, adem\u00e1s, uno de los cronistas fundamentales a los que recurrir para entender este \u00faltimo medio siglo de la Villa Blanca porque, como \u00e9l mismo reivindica, \u201cllevo escribiendo en Informaci\u00f3n desde mayo de 1983. Durante estos m\u00e1s de 40 a\u00f1os he cubierto noticias de Altea y de otros lugares de la comarca\u201d.<\/p>   <p>Diego lleva el amor por la fotograf\u00eda en el apellido ya que \u00e9l es, ahora que se ha jubilado, s\u00f3lo la segunda de tres generaciones de fot\u00f3grafos. \u201cEmpec\u00e9 a hacer fotograf\u00edas de boda con 16 a\u00f1os y comuniones con 14, ayudando a mi padre. \u00c9l empez\u00f3 la saga y mi hijo continua ahora. Bueno, la primera boda que hice fue con 16 a\u00f1os y acab\u00e9 con 56, o sea, que hice 50 a\u00f1os seguidos de bodas. Una de mis ilusiones es hacer una exposici\u00f3n de 50 a\u00f1os de bodas\u201d.<\/p>   <p>\u201cCreo que es algo que cuenta mucho de la sociedad: los vestidos, los lugares que se eleg\u00edan, la ropa que llevaban los invitados (ese paso desde las maxifaldas por el tobillo a la minifalda), la manera en que iban los novios por la calle, los peinados\u2026\u201d, sentencia.<\/p> ","protected":false},"excerpt":{"rendered":"<p>El fot\u00f3grafo y periodista de Altea repasa en \u2018A Vivir Benidorm\u2019 su trayectoria y recuerdos en la Villa Blanca<\/p>\n","protected":false},"author":0,"featured_media":10603,"comment_status":"open","ping_status":"open","sticky":false,"template":"","format":"standard","meta":{"_acf_changed":false,"footnotes":""},"categories":[1],"tags":[],"class_list":["post-10602","post","type-post","status-publish","format-standard","has-post-thumbnail","hentry","category-sin-categoria"],"acf":{"ser_id":"GAKP3XISQRAPHPHCZB36GP7VKE","ser_url":"https:\/\/cadenaser.com\/comunitat-valenciana\/2024\/11\/24\/diego-coello-50-anos-congelando-el-tiempo-radio-benidorm\/"},"_links":{"self":[{"href":"https:\/\/serbenidorm.daliisolutions.com\/index.php\/wp-json\/wp\/v2\/posts\/10602","targetHints":{"allow":["GET"]}}],"collection":[{"href":"https:\/\/serbenidorm.daliisolutions.com\/index.php\/wp-json\/wp\/v2\/posts"}],"about":[{"href":"https:\/\/serbenidorm.daliisolutions.com\/index.php\/wp-json\/wp\/v2\/types\/post"}],"replies":[{"embeddable":true,"href":"https:\/\/serbenidorm.daliisolutions.com\/index.php\/wp-json\/wp\/v2\/comments?post=10602"}],"version-history":[{"count":0,"href":"https:\/\/serbenidorm.daliisolutions.com\/index.php\/wp-json\/wp\/v2\/posts\/10602\/revisions"}],"wp:featuredmedia":[{"embeddable":true,"href":"https:\/\/serbenidorm.daliisolutions.com\/index.php\/wp-json\/wp\/v2\/media\/10603"}],"wp:attachment":[{"href":"https:\/\/serbenidorm.daliisolutions.com\/index.php\/wp-json\/wp\/v2\/media?parent=10602"}],"wp:term":[{"taxonomy":"category","embeddable":true,"href":"https:\/\/serbenidorm.daliisolutions.com\/index.php\/wp-json\/wp\/v2\/categories?post=10602"},{"taxonomy":"post_tag","embeddable":true,"href":"https:\/\/serbenidorm.daliisolutions.com\/index.php\/wp-json\/wp\/v2\/tags?post=10602"}],"curies":[{"name":"wp","href":"https:\/\/api.w.org\/{rel}","templated":true}]}}