{"id":10608,"date":"2024-11-24T11:04:53","date_gmt":"2024-11-24T10:04:53","guid":{"rendered":"https:\/\/serbenidorm.daliisolutions.com\/index.php\/2024\/11\/24\/el-ferrol-pone-fin-a-la-buena-racha-del-sporting-la-nucia\/"},"modified":"2024-11-24T11:04:53","modified_gmt":"2024-11-24T10:04:53","slug":"el-ferrol-pone-fin-a-la-buena-racha-del-sporting-la-nucia","status":"publish","type":"post","link":"https:\/\/serbenidorm.daliisolutions.com\/index.php\/2024\/11\/24\/el-ferrol-pone-fin-a-la-buena-racha-del-sporting-la-nucia\/","title":{"rendered":"El Ferrol pone fin a la buena racha del Sporting La Nuc\u00eda"},"content":{"rendered":"  <p><\/p>   <p>Benidorm<\/p>   <p>Tras haber podido encadenar tres jornadas consecutivas sin conocer la derrota, la dura realidad de lo que est\u00e1 siendo esta Segunda Divisi\u00f3n del f\u00fatbol sala nacional para el <a href=\"https:\/\/cadenaser.com\/tag\/sporting_futbol_sala_la_nucia\/a\/\" target=\"_blank\">Sporting La Nuc\u00eda<\/a> volvi\u00f3 a hacerse patenten este fin de semana en la visita girada por los rojillos al Ferrol, que se impuso con autoridad por 3-1 cortando as\u00ed la buena racha de los de David \u2018Dada\u2019 Valverde.<\/p>   <p>Lo cierto es que dio la sensaci\u00f3n de que la pista gallega super\u00f3 a los rojillos en la primera parte, cuando los locales ya se adelantaron en el minuto tres del encuentro con un tanto del argentino Nico Rosa.<\/p>  <p><p>M\u00e1s informaci\u00f3n<\/p><figure><img loading=\"lazy\" decoding=\"async\" src=\"https:\/\/cadenaser.com\/resizer\/v2\/B324N64AG5ENTOSIEJASQSS3KE.jpg?auth=5edab5e58180c7142002f1f4fa836fcad61200275dce23fc933b9708304aeff5&amp;quality=70&amp;width=360&amp;height=202&amp;smart=true\" width=\"820\" height=\"621\" \/><\/figure><ul><li><a href=\"https:\/\/cadenaser.com\/tag\/sporting_futbol_sala_la_nucia\/a\/\"><span>Todos los partidos, horarios y resultados del Sporting F\u00fatbol Sala La Nuc\u00eda<\/span><\/a><\/li><\/ul><\/p>   <p>Iv\u00e1n Rumbo fue el encargado de poner el 2-0 en el marcador con el que se llegar\u00eda al descanso y tras la reanudaci\u00f3n, con el resultado a su favor, los locales salieron con una marcha m\u00e1s y se convirtieron en los dominadores del juego.<\/p>   <p>Las imprecisiones y los errores de cara a puerta estaban penalizando a un <a href=\"https:\/\/cadenaser.com\/tag\/sporting_futbol_sala_la_nucia\/a\/\" target=\"_blank\">Sporting La Nuc\u00eda<\/a> que, pese a todo, estaba mereci\u00e9ndose m\u00e1s. Pero volvi\u00f3 a cumplirse esa m\u00e1xima de que el que tanto perdona acaba vi\u00e9ndose penalizado y fue O Parrulo el que marc\u00f3 el tercero para el Ferrol.<\/p>   <p>Sin nada que perder, Dada apost\u00f3 por el juego de cinco con Abel como portero-jugador para lograr, por fin, perforar la porter\u00eda rival y poner el 3-1 final en el luminoso.<\/p>   <p>     .c-w{         max-width:444px;         width:100%;         margin:32px auto;      background:#00755E;         border-radius:4px;         display:flex;         align-items:center;         justify-content:center;     }     .c-w a{         display:flex;         align-items:center;         justify-content:center;         padding:4px 24px;     }     .c-w img{         width:24px;         margin-right:12px;     }     .c-w p{         font:18px\/25px Poppins;         text-align:center;         color:#fff;         margin:0;     }     @media (max-width:444px){         .c-w a{             padding:4px 12px;         }         .c-w img{             width:24px;             margin-right:8px;         }         .c-w p{             font:14px\/25px Poppins;         }     }     @media (max-width:335px){         .c-w p{             font:13px\/25px Poppins;         }     }  <div class=\"c-w\">     <a href=\"https:\/\/www.whatsapp.com\/channel\/0029Va633PF9WtC4l7XUzh1e\" target=\"_blank\">         <img decoding=\"async\" src=\"https:\/\/cadenaser.com\/estaticos\/recursosgraficos\/responsive\/img\/ico-whatsapp.svg\" alt=\"Whatsapp\">         <p>\u00danete al <b>canal de WhatsApp<\/b> de la SER<\/p>     <\/a> <\/div><\/p>   <p>Esta nueva derrota, la cuarta de la temporada, deja al Sporting La Nuc\u00eda en los puestos de descenso, de los que espera salir la pr\u00f3xima semana en el Camilo Cano con la visita del CD Legan\u00e9s.<\/p> ","protected":false},"excerpt":{"rendered":"<p>El equipo de \u2018Dada\u2019 s\u00f3lo ha ganado un partido y pelea en la zona baja de la clasificaci\u00f3n<\/p>\n","protected":false},"author":0,"featured_media":10609,"comment_status":"open","ping_status":"open","sticky":false,"template":"","format":"standard","meta":{"_acf_changed":false,"footnotes":""},"categories":[16],"tags":[],"class_list":["post-10608","post","type-post","status-publish","format-standard","has-post-thumbnail","hentry","category-deportes"],"acf":{"ser_id":"F7OLAC2TEBD4HMPSRQOO2EFNH4","ser_url":"https:\/\/cadenaser.com\/comunitat-valenciana\/2024\/11\/24\/el-ferrol-pone-fin-a-la-buena-racha-del-sporting-la-nucia-radio-benidorm\/"},"_links":{"self":[{"href":"https:\/\/serbenidorm.daliisolutions.com\/index.php\/wp-json\/wp\/v2\/posts\/10608","targetHints":{"allow":["GET"]}}],"collection":[{"href":"https:\/\/serbenidorm.daliisolutions.com\/index.php\/wp-json\/wp\/v2\/posts"}],"about":[{"href":"https:\/\/serbenidorm.daliisolutions.com\/index.php\/wp-json\/wp\/v2\/types\/post"}],"replies":[{"embeddable":true,"href":"https:\/\/serbenidorm.daliisolutions.com\/index.php\/wp-json\/wp\/v2\/comments?post=10608"}],"version-history":[{"count":0,"href":"https:\/\/serbenidorm.daliisolutions.com\/index.php\/wp-json\/wp\/v2\/posts\/10608\/revisions"}],"wp:featuredmedia":[{"embeddable":true,"href":"https:\/\/serbenidorm.daliisolutions.com\/index.php\/wp-json\/wp\/v2\/media\/10609"}],"wp:attachment":[{"href":"https:\/\/serbenidorm.daliisolutions.com\/index.php\/wp-json\/wp\/v2\/media?parent=10608"}],"wp:term":[{"taxonomy":"category","embeddable":true,"href":"https:\/\/serbenidorm.daliisolutions.com\/index.php\/wp-json\/wp\/v2\/categories?post=10608"},{"taxonomy":"post_tag","embeddable":true,"href":"https:\/\/serbenidorm.daliisolutions.com\/index.php\/wp-json\/wp\/v2\/tags?post=10608"}],"curies":[{"name":"wp","href":"https:\/\/api.w.org\/{rel}","templated":true}]}}