{"id":10610,"date":"2024-11-24T12:43:26","date_gmt":"2024-11-24T11:43:26","guid":{"rendered":"https:\/\/serbenidorm.daliisolutions.com\/index.php\/2024\/11\/24\/ni-la-lluvia-pudo-deslucir-una-benidorm-half-de-record\/"},"modified":"2024-11-24T12:43:26","modified_gmt":"2024-11-24T11:43:26","slug":"ni-la-lluvia-pudo-deslucir-una-benidorm-half-de-record","status":"publish","type":"post","link":"https:\/\/serbenidorm.daliisolutions.com\/index.php\/2024\/11\/24\/ni-la-lluvia-pudo-deslucir-una-benidorm-half-de-record\/","title":{"rendered":"Ni la lluvia pudo deslucir una Benidorm Half de r\u00e9cord"},"content":{"rendered":"  <p><\/p>   <p>Benidorm<\/p>   <p>Benidorm ha sido este s\u00e1bado una aut\u00e9ntica fiesta del deporte, con la celebraci\u00f3n de la Benidorm Half, en una edici\u00f3n que ha batido todos los r\u00e9cords de participaci\u00f3n al alcanzar los 6.500 corredores inscritos, frente a los 4.800 corredores tomaron la salida en la Benidorm Half de 2023. Ni siquiera la lluvia ca\u00edda hasta horas antes del inicio de la prueba ha logrado deslucir una carrera que, adem\u00e1s, cada a\u00f1o gana adeptos entre corredores y p\u00fablico, y en la que Luis Agust\u00edn Escriche y Laura M\u00e9ndez Esquer se han impuesto en la media marat\u00f3n, mientras que David Palacio Mart\u00edn y Mar\u00eda Fuentes Olcina han hecho lo propio en los 10K. <\/p>   <p>Atletas de 46 provincias de Espa\u00f1a y de un total de 25 pa\u00edses han participado en alguna de las dos modalidades de la carrera, haciendo de la misma una de las pruebas deportivas de mayor repercusi\u00f3n nacional e internacional de cuantas se celebran en Alicante. No en vano, seg\u00fan los datos de la organizaci\u00f3n, el 48% de los participantes ha sido de origen extranjero, mientras que del total de inscritos, el 43,1% proceden del Reino Unido, con 2.800 atletas, en su mayor\u00eda atra\u00eddos expresamente por la Half. En cuanto a los espa\u00f1oles, la procedencia ha sido muy diversa y cabe destacar que solo el 23% de los participantes procede de la provincia de Alicante, unos 1.500 \u2018runners\u2019, mientras que el resto de corredores nacionales ha llegado desde otros lugares de Espa\u00f1a. Por g\u00e9neros, la participaci\u00f3n femenina ha continuado creciendo este a\u00f1o, en el que las mujeres han alcanzado el 38,5% del total de inscritos en las dos carreras, llegando al 31% en la de 21K. <\/p>   <p>Entre las personas que han tomado partida en la carrera destaca adem\u00e1s la presencia de varios ol\u00edmpicos y paral\u00edmpicos, as\u00ed como de la leyenda y doble medallista ol\u00edmpico, Ferm\u00edn Cacho. Junto a \u00e9l han participado tambi\u00e9n Arturo Casado, David Palacio, Laura M\u00e9ndez, Luis Agust\u00edn Escriche, Carmen Paredes o el fin\u00e9s Jarkko J\u00e4rvenp\u00e4\u00e4, entre otros. Igualmente, tambi\u00e9n han disputado la prueba corredores empujando sillas de personas con movilidad reducida, lo que da cuenta de que la Benidorm Half es tambi\u00e9n una extensi\u00f3n de la apuesta de la propia ciudad por la accesibilidad universal y la plena inclusi\u00f3n de ciudadanos y turistas, independientemente de sus capacidades, facilitando su movilidad en el espacio urbano.  <\/p>   <p>La Benidorm Half, que tambi\u00e9n ha tenido una vertiente solidaria para colaborar con los daminificados por la DANA del pasado 29 de octubre, se ha iniciado con un minuto de silencio por las v\u00edctimas de esta tragedia y con la interpretaci\u00f3n del Himno de la Comunitat Valenciana, que ha emocionado a muchos de los participantes y el p\u00fablico que presenciaba la salida de la prueba. A continuaci\u00f3n, el alcalde de Benidorm, Toni P\u00e9rez, acompa\u00f1ado del edil de Deportes, Javier Jord\u00e1, ha procedido a dar el pistoletazo de salida a la carrera, que por segundo a\u00f1o consecutivo ha partido desde la avenida de la Comunitat Valenciana, en la confluencia con la de B\u00e9lgica, y ha dejado impresionantes im\u00e1genes conforme los miles de corredores iban conquistando el espacio urbano de la ciudad.  <\/p>   <p>En torno a media hora despu\u00e9s, han comenzado a llegar a meta, en la plaza de SS MM los Reyes de Espa\u00f1a, los primeros corredores de la 10K. David Palacio Mart\u00edn, con 30 minutos 07 segundos, ha sido el primero en categor\u00eda masculina, seguido de Harry Johnson y Rub\u00e9n Monreal Utrilla, con 30\u201933\u2019\u2019 y 31\u201909\u2019\u2019, respectivamente. Mientras, la benidormense Mar\u00eda Fuentes Olcina, con 33 minutos 59 segundos, ha sido la primera mujer en entrar en meta, seguida de Julie Lejarraga y Ainhoa Mart\u00edn Gonz\u00e1lez, que han hecho tiempos de 35\u201903 y 35\u201928\u2019\u2019, respectivamente.  <\/p>   <p>     .c-w{         max-width:444px;         width:100%;         margin:32px auto;      background:#00755E;         border-radius:4px;         display:flex;         align-items:center;         justify-content:center;     }     .c-w a{         display:flex;         align-items:center;         justify-content:center;         padding:4px 24px;     }     .c-w img{         width:24px;         margin-right:12px;     }     .c-w p{         font:18px\/25px Poppins;         text-align:center;         color:#fff;         margin:0;     }     @media (max-width:444px){         .c-w a{             padding:4px 12px;         }         .c-w img{             width:24px;             margin-right:8px;         }         .c-w p{             font:14px\/25px Poppins;         }     }     @media (max-width:335px){         .c-w p{             font:13px\/25px Poppins;         }     }  <div class=\"c-w\">     <a href=\"https:\/\/www.whatsapp.com\/channel\/0029Va633PF9WtC4l7XUzh1e\" target=\"_blank\">         <img decoding=\"async\" src=\"https:\/\/cadenaser.com\/estaticos\/recursosgraficos\/responsive\/img\/ico-whatsapp.svg\" alt=\"Whatsapp\">         <p>\u00danete al <b>canal de WhatsApp<\/b> de la SER<\/p>     <\/a> <\/div><\/p>   <p>En los 21K, Luis Agust\u00edn Escriche ha entrado en primer lugar con un tiempo de 1 hora, 07 minutos y 23 segundos. Marius Garman Sorli, con un tiempo de 1:08:39, y Constan Ja\u00e9n Gonz\u00e1lez, con un tiempo de 1:09:10, han sido segundo y tercero, respectivamente. El podio femenino de la media marat\u00f3n ha sido para Laura M\u00e9ndez Esquer, que ha cubierto los 21 kil\u00f3metros de distancia en 1 hora, 16 minutos y 35 segundos, batiendo el r\u00e9cord de la prueba en categor\u00eda femenina. Tras ella han cruzado la meta Mar\u00eda Jos\u00e9 de Toro Saiz y Rebekka Birkeland en segunda y tercera posici\u00f3n, con tiempos de 1:21:25 y 1:22:45, respectivamente.  <\/p>   <p>Las Reinas de las Festes Majors Patronals 2024, Valentina Almod\u00f3bar Climent y Laia Zamora Pic\u00f3, junto al edil Javier Jord\u00e1, han sido los encargados de entregar los trofeos a los ganadores en las categor\u00edas principales. Asimismo, el alcalde de la ciudad, Toni P\u00e9rez, ha elogiado la \u201ctransformaci\u00f3n y crecimiento\u201d que ha experimentado en los \u00faltimos a\u00f1os la Benidorm Half y ha destacado que esta transformaci\u00f3n \u201cha puesto en valor nuestro destino como el mejor destino para el turismo familiar, el deportivo, el inclusivo, el saludable y, en definitiva, el turismo para todos\u201d.<\/p> ","protected":false},"excerpt":{"rendered":"<p>La gran fiesta del deporte popular de la ciudad cont\u00f3 con 6.500 inscritos<\/p>\n","protected":false},"author":0,"featured_media":10611,"comment_status":"open","ping_status":"open","sticky":false,"template":"","format":"standard","meta":{"_acf_changed":false,"footnotes":""},"categories":[16],"tags":[],"class_list":["post-10610","post","type-post","status-publish","format-standard","has-post-thumbnail","hentry","category-deportes"],"acf":{"ser_id":"VIQW5R63VZGSBA74YAG4FJW4CM","ser_url":"https:\/\/cadenaser.com\/comunitat-valenciana\/2024\/11\/24\/ni-la-lluvia-pudo-deslucir-una-benidorm-half-de-record-radio-benidorm\/"},"_links":{"self":[{"href":"https:\/\/serbenidorm.daliisolutions.com\/index.php\/wp-json\/wp\/v2\/posts\/10610","targetHints":{"allow":["GET"]}}],"collection":[{"href":"https:\/\/serbenidorm.daliisolutions.com\/index.php\/wp-json\/wp\/v2\/posts"}],"about":[{"href":"https:\/\/serbenidorm.daliisolutions.com\/index.php\/wp-json\/wp\/v2\/types\/post"}],"replies":[{"embeddable":true,"href":"https:\/\/serbenidorm.daliisolutions.com\/index.php\/wp-json\/wp\/v2\/comments?post=10610"}],"version-history":[{"count":0,"href":"https:\/\/serbenidorm.daliisolutions.com\/index.php\/wp-json\/wp\/v2\/posts\/10610\/revisions"}],"wp:featuredmedia":[{"embeddable":true,"href":"https:\/\/serbenidorm.daliisolutions.com\/index.php\/wp-json\/wp\/v2\/media\/10611"}],"wp:attachment":[{"href":"https:\/\/serbenidorm.daliisolutions.com\/index.php\/wp-json\/wp\/v2\/media?parent=10610"}],"wp:term":[{"taxonomy":"category","embeddable":true,"href":"https:\/\/serbenidorm.daliisolutions.com\/index.php\/wp-json\/wp\/v2\/categories?post=10610"},{"taxonomy":"post_tag","embeddable":true,"href":"https:\/\/serbenidorm.daliisolutions.com\/index.php\/wp-json\/wp\/v2\/tags?post=10610"}],"curies":[{"name":"wp","href":"https:\/\/api.w.org\/{rel}","templated":true}]}}