{"id":10628,"date":"2024-11-24T19:27:55","date_gmt":"2024-11-24T18:27:55","guid":{"rendered":"https:\/\/serbenidorm.daliisolutions.com\/index.php\/2024\/11\/24\/felipe-orts-pasa-el-test-de-amberes-haciendo-control-de-danos\/"},"modified":"2024-11-24T19:27:55","modified_gmt":"2024-11-24T18:27:55","slug":"felipe-orts-pasa-el-test-de-amberes-haciendo-control-de-danos","status":"publish","type":"post","link":"https:\/\/serbenidorm.daliisolutions.com\/index.php\/2024\/11\/24\/felipe-orts-pasa-el-test-de-amberes-haciendo-control-de-danos\/","title":{"rendered":"Felipe Orts pasa el test de Amberes haciendo control de da\u00f1os"},"content":{"rendered":"  <p><\/p>   <p>Benidorm<\/p>   <p>Lo avis\u00f3 desde el primer momento: el de Amberes era uno de los circuitos que menos se pod\u00edan adaptar a sus caracter\u00edsticas y lo cierto es que lo visto sobre las arenas de las orillas del Escalda acab\u00f3 por confirmar las sensaciones de un <a href=\"https:\/\/cadenaser.com\/tag\/felipe_orts_lloret\/a\/\" target=\"_blank\">Felipe Orts<\/a> que, en modo \u2018control de da\u00f1os\u2019, termin\u00f3 en novena posici\u00f3n la cita inaugural de la Copa del Mundo de ciclocross.<\/p>   <p>Con much\u00edsimo viento soplando desde el r\u00edo, Orts no fue el \u00fanico que sufri\u00f3 m\u00e1s de la cuenta en la capital mundial del diamante. S\u00f3lo un soberbio Eli Iserbyt pareci\u00f3 encontrar las buenas sensaciones de principio a fin en una carrera en la que, de nuevo, jug\u00f3 un papel fundamental su compa\u00f1ero de equipo Michael Vanthourenthout, que supo frenar el ritmo de los perseguidores (especialmente Laurens Sweeck) cuando Iserbyt cambi\u00f3 el ritmo.<\/p>  <p><p>M\u00e1s informaci\u00f3n<\/p><figure><img loading=\"lazy\" decoding=\"async\" src=\"https:\/\/cadenaser.com\/resizer\/v2\/KOEC7MEQZ5AJPGMLIPAPAABTLU.jpg?auth=9817f02a64253461c46d462144fe72985bd776a6f589b42e8796e1d5362e7ab5&amp;quality=70&amp;width=360&amp;height=202&amp;smart=true\" width=\"820\" height=\"621\" \/><\/figure><ul><li><a href=\"https:\/\/cadenaser.com\/tag\/felipe_orts_lloret\/a\/\"><span>Todas las noticias de Felipe Orts<\/span><\/a><\/li><\/ul><\/p>   <p>El ganador de la \u00faltima edici\u00f3n de la Copa del Mundo, cuya temporada hasta ahora hab\u00eda dejado muchos claroscuros, decidi\u00f3 dar un golpe de autoridad imponi\u00e9ndose en Amberes y, con ello, coloc\u00e1ndose como primer l\u00edder del torneo m\u00e1s importante de la especialidad invernal del ciclismo, que <a href=\"https:\/\/cadenaser.com\/comunitat-valenciana\/2024\/11\/14\/la-copa-del-mundo-de-ciclocross-de-benidorm-se-adentrara-mas-en-el-moralet-radio-benidorm\/\" target=\"_blank\">visitar\u00e1 la ciudad de Benidorm el pr\u00f3ximo d\u00eda 19 de enero con motivo de su d\u00e9cima y antepen\u00faltima puntuable<\/a>.<\/p>   <p>Por su parte, Felipe Orts, que no pudo entrenar con normalidad durante la semana por molestias f\u00edsicas, <a href=\"https:\/\/cadenaser.com\/comunitat-valenciana\/2024\/11\/03\/felipe-orts-subcampeon-de-europa-radio-benidorm\/\" target=\"_blank\">estuvo lejos de la cabeza durante toda la jornada y lejos tambi\u00e9n del nivel mostrado en las pruebas previas<\/a>, aunque, pese a ello, mejor\u00f3 en mucho su mejor actuaci\u00f3n previa en este mismo circuito (fue 12\u00ba el a\u00f1o pasado) finalizando con una novena posici\u00f3n que le reporta 17 puntos en la general de una Copa del Mundo que, por primera vez en su carrera, disputar\u00e1 con las miras puestas en hacer una buena general.<\/p> ","protected":false},"excerpt":{"rendered":"<p>El ciclista vilero termina en el top10 en un circuito que no se adapta a sus caracter\u00edsticas<\/p>\n","protected":false},"author":0,"featured_media":10629,"comment_status":"open","ping_status":"open","sticky":false,"template":"","format":"standard","meta":{"_acf_changed":false,"footnotes":""},"categories":[16],"tags":[],"class_list":["post-10628","post","type-post","status-publish","format-standard","has-post-thumbnail","hentry","category-deportes"],"acf":{"ser_id":"SO6RPU66YRGKRKS6ZZPRAN4LJU","ser_url":"https:\/\/cadenaser.com\/comunitat-valenciana\/2024\/11\/24\/felipe-orts-pasa-el-test-de-amberes-haciendo-control-de-danos-radio-benidorm\/"},"_links":{"self":[{"href":"https:\/\/serbenidorm.daliisolutions.com\/index.php\/wp-json\/wp\/v2\/posts\/10628","targetHints":{"allow":["GET"]}}],"collection":[{"href":"https:\/\/serbenidorm.daliisolutions.com\/index.php\/wp-json\/wp\/v2\/posts"}],"about":[{"href":"https:\/\/serbenidorm.daliisolutions.com\/index.php\/wp-json\/wp\/v2\/types\/post"}],"replies":[{"embeddable":true,"href":"https:\/\/serbenidorm.daliisolutions.com\/index.php\/wp-json\/wp\/v2\/comments?post=10628"}],"version-history":[{"count":0,"href":"https:\/\/serbenidorm.daliisolutions.com\/index.php\/wp-json\/wp\/v2\/posts\/10628\/revisions"}],"wp:featuredmedia":[{"embeddable":true,"href":"https:\/\/serbenidorm.daliisolutions.com\/index.php\/wp-json\/wp\/v2\/media\/10629"}],"wp:attachment":[{"href":"https:\/\/serbenidorm.daliisolutions.com\/index.php\/wp-json\/wp\/v2\/media?parent=10628"}],"wp:term":[{"taxonomy":"category","embeddable":true,"href":"https:\/\/serbenidorm.daliisolutions.com\/index.php\/wp-json\/wp\/v2\/categories?post=10628"},{"taxonomy":"post_tag","embeddable":true,"href":"https:\/\/serbenidorm.daliisolutions.com\/index.php\/wp-json\/wp\/v2\/tags?post=10628"}],"curies":[{"name":"wp","href":"https:\/\/api.w.org\/{rel}","templated":true}]}}