{"id":10632,"date":"2024-11-24T19:56:40","date_gmt":"2024-11-24T18:56:40","guid":{"rendered":"https:\/\/serbenidorm.daliisolutions.com\/index.php\/2024\/11\/24\/detenido-en-benidorm-un-fugitivo-belga-buscado-por-cometer-cinco-delitos-de-agresion-sexual-a-su-hija-adoptiva-de-16-anos\/"},"modified":"2024-11-24T19:56:40","modified_gmt":"2024-11-24T18:56:40","slug":"detenido-en-benidorm-un-fugitivo-belga-buscado-por-cometer-cinco-delitos-de-agresion-sexual-a-su-hija-adoptiva-de-16-anos","status":"publish","type":"post","link":"https:\/\/serbenidorm.daliisolutions.com\/index.php\/2024\/11\/24\/detenido-en-benidorm-un-fugitivo-belga-buscado-por-cometer-cinco-delitos-de-agresion-sexual-a-su-hija-adoptiva-de-16-anos\/","title":{"rendered":"Detenido en Benidorm un fugitivo belga buscado por cometer cinco delitos de agresi\u00f3n sexual a su hija adoptiva de 16 a\u00f1os"},"content":{"rendered":"  <p><\/p>   <p>Alicante<\/p>   <p>La Polic\u00eda Nacional ha detenido en Benidorm a un var\u00f3n de 56 a\u00f1os, de nacionalidad belga, al tener en vigor una orden europea de detenci\u00f3n y entrega (OEDE) por las autoridades belgas, por estar condenado como autor de cinco delitos de violaci\u00f3n.<\/p>   <p>Agentes de las unidades de polic\u00eda judicial tuvieron conocimiento de la posible estancia en la localidad de Benidorm de un s\u00fabdito belga sobre el que pesar\u00eda una reclamaci\u00f3n judicial.<\/p>   <p>Por ello, establecieron un dispositivo de detenci\u00f3n en un establecimiento hostelero en el que se localiz\u00f3 al pr\u00f3fugo.<\/p>   <p>Seg\u00fan se extrajo de la reclamaci\u00f3n belga, el autor habr\u00eda sido condenado por cinco delitos de agresi\u00f3n sexual a su hija adoptiva de 16 a\u00f1os, cometidos entre los a\u00f1os 1999 y 2001, los hechos ocurrieron tras el traslado de la familia al Reino Unido. El detenido, condenado a una pena de nueve a\u00f1os de prisi\u00f3n, aprovech\u00f3 un permiso penitenciario para huir.<\/p>   <p>El autor, al cual le quedan por cumplir 2.095 d\u00edas de privaci\u00f3n de libertad, ha sido puesto a disposici\u00f3n de los Juzgados Centrales de Instrucci\u00f3n de la Audiencia Nacional.<\/p>   <p>     .c-w{         max-width:444px;         width:100%;         margin:32px auto;      background:#00755E;         border-radius:4px;         display:flex;         align-items:center;         justify-content:center;     }     .c-w a{         display:flex;         align-items:center;         justify-content:center;         padding:4px 24px;     }     .c-w img{         width:24px;         margin-right:12px;     }     .c-w p{         font:18px\/25px Poppins;         text-align:center;         color:#fff;         margin:0;     }     @media (max-width:444px){         .c-w a{             padding:4px 12px;         }         .c-w img{             width:24px;             margin-right:8px;         }         .c-w p{             font:14px\/25px Poppins;         }     }     @media (max-width:335px){         .c-w p{             font:13px\/25px Poppins;         }     }  <div class=\"c-w\">     <a href=\"https:\/\/www.whatsapp.com\/channel\/0029Va633PF9WtC4l7XUzh1e\" target=\"_blank\">         <img decoding=\"async\" src=\"https:\/\/cadenaser.com\/estaticos\/recursosgraficos\/responsive\/img\/ico-whatsapp.svg\" alt=\"Whatsapp\">         <p>\u00danete al <b>canal de WhatsApp<\/b> de la SER<\/p>     <\/a> <\/div><\/p> ","protected":false},"excerpt":{"rendered":"<p>El autor, al cual le quedan por cumplir 2.095 d\u00edas de privaci\u00f3n de libertad, ha sido puesto a disposici\u00f3n de los Juzgados Centrales de Instrucci\u00f3n de la Audiencia Nacional<\/p>\n","protected":false},"author":0,"featured_media":10633,"comment_status":"open","ping_status":"open","sticky":false,"template":"","format":"standard","meta":{"_acf_changed":false,"footnotes":""},"categories":[1],"tags":[],"class_list":["post-10632","post","type-post","status-publish","format-standard","has-post-thumbnail","hentry","category-sin-categoria"],"acf":{"ser_id":"LMDIGOPU4JB5JL5BQFMZAPA2BM","ser_url":"https:\/\/cadenaser.com\/comunitat-valenciana\/2024\/11\/24\/detenido-en-benidorm-un-fugitivo-belga-por-cometer-cinco-delitos-de-agresion-sexual-a-su-hija-adoptiva-de-16-anos-radio-alicante\/"},"_links":{"self":[{"href":"https:\/\/serbenidorm.daliisolutions.com\/index.php\/wp-json\/wp\/v2\/posts\/10632","targetHints":{"allow":["GET"]}}],"collection":[{"href":"https:\/\/serbenidorm.daliisolutions.com\/index.php\/wp-json\/wp\/v2\/posts"}],"about":[{"href":"https:\/\/serbenidorm.daliisolutions.com\/index.php\/wp-json\/wp\/v2\/types\/post"}],"replies":[{"embeddable":true,"href":"https:\/\/serbenidorm.daliisolutions.com\/index.php\/wp-json\/wp\/v2\/comments?post=10632"}],"version-history":[{"count":0,"href":"https:\/\/serbenidorm.daliisolutions.com\/index.php\/wp-json\/wp\/v2\/posts\/10632\/revisions"}],"wp:featuredmedia":[{"embeddable":true,"href":"https:\/\/serbenidorm.daliisolutions.com\/index.php\/wp-json\/wp\/v2\/media\/10633"}],"wp:attachment":[{"href":"https:\/\/serbenidorm.daliisolutions.com\/index.php\/wp-json\/wp\/v2\/media?parent=10632"}],"wp:term":[{"taxonomy":"category","embeddable":true,"href":"https:\/\/serbenidorm.daliisolutions.com\/index.php\/wp-json\/wp\/v2\/categories?post=10632"},{"taxonomy":"post_tag","embeddable":true,"href":"https:\/\/serbenidorm.daliisolutions.com\/index.php\/wp-json\/wp\/v2\/tags?post=10632"}],"curies":[{"name":"wp","href":"https:\/\/api.w.org\/{rel}","templated":true}]}}