{"id":10634,"date":"2024-11-24T19:56:41","date_gmt":"2024-11-24T18:56:41","guid":{"rendered":"https:\/\/serbenidorm.daliisolutions.com\/index.php\/2024\/11\/24\/el-baloncesto-benidorm-toma-aire-en-sedavi\/"},"modified":"2024-11-24T19:56:41","modified_gmt":"2024-11-24T18:56:41","slug":"el-baloncesto-benidorm-toma-aire-en-sedavi","status":"publish","type":"post","link":"https:\/\/serbenidorm.daliisolutions.com\/index.php\/2024\/11\/24\/el-baloncesto-benidorm-toma-aire-en-sedavi\/","title":{"rendered":"El Baloncesto Benidorm toma aire en Sedav\u00ed"},"content":{"rendered":"  <p><\/p>   <p>Benidorm<\/p>   <p>Tras encajar su primera derrota de la temporada la pasada semana en casa ante el Molina Basket, el Servigroup Baloncesto Benidorm afrontaba este domingo uno de esos complicad\u00edsimos partidos en los que, la te\u00f3rica superioridad que se refleja en la tabla, puede jugar muy en contra si aparecen las l\u00f3gicas dudas y nervios por no querer encadenar dos tropiezos consecutivos.<\/p>   <p>Por fortuna, eso no sucedi\u00f3, aunque es cierto que los de \u00d3scar Retortillo estuvieron jugando con fuego durante buena parte de la primera mitad, march\u00e1ndose al descanso con un muy preocupante y desfavorable 37-32 en el marcador.<\/p>   <p>Sin embargo, tras el paso por los vestuarios, las charla t\u00e9cnica dio sus frutos y el Servigroup Benidorm tom\u00f3 el mando del partido imponi\u00e9ndose con absoluta claridad en esos dos cuartos finales hasta completar la remontada que ha llevado al equipo del Palau d\u2019Esports al 59-85 final, lo que le ha servido para volver a la segunda posici\u00f3n (superando al UCAM Murcia) y colocarse, con un partido menos que los murcianos, a un solo punto del liderato del Molina Basket.<\/p>   <p><b>Ajustada derrota del Terralf\u00e0s<\/b><\/p>   <p>Las que no pudieron volver de su largo desplazamiento hasta la cancha del N\u00e1utico Tenerife fueron las chicas del Terralf\u00e0s de Liga Femenina 2, que cayeron por un muy ajustado marcador de 50-47 en un partido que tiraron por la borda en el tercer cuarto, cuando concedieron un parcial demoledor de 11-2 a favor del conjunto canario que finalmente, y por muy poco, las de Manu Fuster fueron incapaces de remontar.<\/p>   <p>Tras este nuevo tropiezo, las alfasinas se mantienen en la 13\u00aa y pen\u00faltima posici\u00f3n con nueve puntos.<\/p>   <p>     .c-w{         max-width:444px;         width:100%;         margin:32px auto;      background:#00755E;         border-radius:4px;         display:flex;         align-items:center;         justify-content:center;     }     .c-w a{         display:flex;         align-items:center;         justify-content:center;         padding:4px 24px;     }     .c-w img{         width:24px;         margin-right:12px;     }     .c-w p{         font:18px\/25px Poppins;         text-align:center;         color:#fff;         margin:0;     }     @media (max-width:444px){         .c-w a{             padding:4px 12px;         }         .c-w img{             width:24px;             margin-right:8px;         }         .c-w p{             font:14px\/25px Poppins;         }     }     @media (max-width:335px){         .c-w p{             font:13px\/25px Poppins;         }     }  <div class=\"c-w\">     <a href=\"https:\/\/www.whatsapp.com\/channel\/0029Va633PF9WtC4l7XUzh1e\" target=\"_blank\">         <img decoding=\"async\" src=\"https:\/\/cadenaser.com\/estaticos\/recursosgraficos\/responsive\/img\/ico-whatsapp.svg\" alt=\"Whatsapp\">         <p>\u00danete al <b>canal de WhatsApp<\/b> de la SER<\/p>     <\/a> <\/div><\/p> ","protected":false},"excerpt":{"rendered":"<p>Las chicas del Terralf\u00e0s rozan la sorpresa en Canarias<\/p>\n","protected":false},"author":0,"featured_media":10635,"comment_status":"open","ping_status":"open","sticky":false,"template":"","format":"standard","meta":{"_acf_changed":false,"footnotes":""},"categories":[16],"tags":[],"class_list":["post-10634","post","type-post","status-publish","format-standard","has-post-thumbnail","hentry","category-deportes"],"acf":{"ser_id":"NQ7FCAZ5BNAJJMA6SCOVCYVLZQ","ser_url":"https:\/\/cadenaser.com\/comunitat-valenciana\/2024\/11\/24\/el-baloncesto-benidorm-toma-aire-en-sedavi-radio-benidorm\/"},"_links":{"self":[{"href":"https:\/\/serbenidorm.daliisolutions.com\/index.php\/wp-json\/wp\/v2\/posts\/10634","targetHints":{"allow":["GET"]}}],"collection":[{"href":"https:\/\/serbenidorm.daliisolutions.com\/index.php\/wp-json\/wp\/v2\/posts"}],"about":[{"href":"https:\/\/serbenidorm.daliisolutions.com\/index.php\/wp-json\/wp\/v2\/types\/post"}],"replies":[{"embeddable":true,"href":"https:\/\/serbenidorm.daliisolutions.com\/index.php\/wp-json\/wp\/v2\/comments?post=10634"}],"version-history":[{"count":0,"href":"https:\/\/serbenidorm.daliisolutions.com\/index.php\/wp-json\/wp\/v2\/posts\/10634\/revisions"}],"wp:featuredmedia":[{"embeddable":true,"href":"https:\/\/serbenidorm.daliisolutions.com\/index.php\/wp-json\/wp\/v2\/media\/10635"}],"wp:attachment":[{"href":"https:\/\/serbenidorm.daliisolutions.com\/index.php\/wp-json\/wp\/v2\/media?parent=10634"}],"wp:term":[{"taxonomy":"category","embeddable":true,"href":"https:\/\/serbenidorm.daliisolutions.com\/index.php\/wp-json\/wp\/v2\/categories?post=10634"},{"taxonomy":"post_tag","embeddable":true,"href":"https:\/\/serbenidorm.daliisolutions.com\/index.php\/wp-json\/wp\/v2\/tags?post=10634"}],"curies":[{"name":"wp","href":"https:\/\/api.w.org\/{rel}","templated":true}]}}