{"id":10650,"date":"2024-11-25T17:06:33","date_gmt":"2024-11-25T16:06:33","guid":{"rendered":"https:\/\/serbenidorm.daliisolutions.com\/index.php\/2024\/11\/25\/194-mujeres-de-la-vila-joiosa-en-seguimiento-por-ser-victimas-de-violencia-de-genero\/"},"modified":"2024-11-25T17:06:33","modified_gmt":"2024-11-25T16:06:33","slug":"194-mujeres-de-la-vila-joiosa-en-seguimiento-por-ser-victimas-de-violencia-de-genero","status":"publish","type":"post","link":"https:\/\/serbenidorm.daliisolutions.com\/index.php\/2024\/11\/25\/194-mujeres-de-la-vila-joiosa-en-seguimiento-por-ser-victimas-de-violencia-de-genero\/","title":{"rendered":"194 mujeres de La Vila Joiosa, en seguimiento por ser v\u00edctimas de violencia de g\u00e9nero"},"content":{"rendered":"  <p><\/p>   <p>La Vila Joiosa<\/p>   <p>La Vila Joiosa tiene actualmente 194 v\u00edctimas de violencia de g\u00e9nero a las que se les est\u00e1 haciendo seguimiento dentro del sistema Viogen. En esta localidad se reparten las tareas de seguimiento y apoyo a las v\u00edctimas entre la Guadia Civil (100 casos) y la Polic\u00eda Local (94 casos).<\/p>   <p>As\u00ed lo han desvelado en <a href=\"https:\/\/radiobenidorm.es\/\" rel=\"nofollow\" target=\"_blank\">Hoy por Hoy Benidorm<\/a> Bel\u00e9n Garc\u00eda y David L\u00f3pez, oficial y agente respectivamente, de la unidad Themis que atiende a las v\u00edctimas de violencia de g\u00e9nero en La Vila Joiosa.<\/p>   <p>Un problema que preocupa especialmente en la localidad por su elevada tasa en comparaci\u00f3n con otras localidades vecinas. \u201cEn Villajoyosa tenemos una tasa elevada de casos. Si nos comparamos con Benidorm, con el doble de poblaci\u00f3n solo tienen unos 20 casos m\u00e1s que nosotros, as\u00ed que, proporcionalmente, nuestra ratio es m\u00e1s alta\u201d, afirman.<\/p>   <p>En lo que respecta al seguimiento seg\u00fan los cinco niveles de riesgo que determina el sistema Viogen, son 6 los casos catalogados como riesgo alto a los que se les est\u00e1 haciendo seguimiento, 43 las v\u00edctimas en riesgo medio, 93 en riesgo bajo y 52 con riesgo no apreciado. \u201cActualmente no tenemos ning\u00fan caso en riesgo extremo pero lo hemos tenido, incluso dos a la vez, y cada dos o tres meses nos suele aparecer\u201d, indica Garc\u00eda.<\/p>   <p>El nivel de riesgo extremo, el m\u00e1ximo, implica una vigilancia y apoyo a la v\u00edctima durante 24 horas del d\u00eda con acompa\u00f1amiento policial. Esto supone, en palabras de los miembros de la unidad Themis, \u201cuna doble victimizaci\u00f3n porque vamos con ella a todos lados, a cualquier salida de su vida cotidiana\u201d y critican que el \u201csiempre ponemos el foco en la v\u00edctima cuando con los autores, hoy por hoy, no se est\u00e1 haciendo nada m\u00e1s all\u00e1 de una orden de alejamiento y control, pero es a la v\u00edcitma a la que le hacemos el seguimiento. Es ella la que tiene que ir a la compra o al parque con sus hijos con una patrulla de la polic\u00eda detr\u00e1s\u201d.<\/p>   <p>     .c-w{         max-width:444px;         width:100%;         margin:32px auto;      background:#00755E;         border-radius:4px;         display:flex;         align-items:center;         justify-content:center;     }     .c-w a{         display:flex;         align-items:center;         justify-content:center;         padding:4px 24px;     }     .c-w img{         width:24px;         margin-right:12px;     }     .c-w p{         font:18px\/25px Poppins;         text-align:center;         color:#fff;         margin:0;     }     @media (max-width:444px){         .c-w a{             padding:4px 12px;         }         .c-w img{             width:24px;             margin-right:8px;         }         .c-w p{             font:14px\/25px Poppins;         }     }     @media (max-width:335px){         .c-w p{             font:13px\/25px Poppins;         }     }  <div class=\"c-w\">     <a href=\"https:\/\/www.whatsapp.com\/channel\/0029Va633PF9WtC4l7XUzh1e\" target=\"_blank\">         <img decoding=\"async\" src=\"https:\/\/cadenaser.com\/estaticos\/recursosgraficos\/responsive\/img\/ico-whatsapp.svg\" alt=\"Whatsapp\">         <p>\u00danete al <b>canal de WhatsApp<\/b> de la SER<\/p>     <\/a> <\/div><\/p>   <p>Tanto Garc\u00eda como L\u00f3pez han abogado por que el apoyo psicol\u00f3gico no se circunscriba solo a la v\u00edctima sino que tambi\u00e9n reciba tratamiento y terapia de reeducaci\u00f3n el agresor para evitar la alta tasa de reincidencia que registran estos casos. \u201cA nivel psicol\u00f3gico no se hace nada con los autores y, si hay un componente conductual y educativo, como suele suceder, si no se trabaja con ellos, la pr\u00f3xima pareja que tenga va a ser v\u00edctima, porque es la manera que tienen de relacionarse con su pareja\u201d, lamenta Garc\u00eda.<\/p>   <p>De hecho en La Vila Joiosa en el pasado 2023 de los 99 casos de nuevas v\u00edctimas registradas 12 fueron reactivaciones, casos que ya se hab\u00edan cerrado y volvieron a reactivarse con la misma pareja. En lo que va de 2024 ya son 24 las reactivaciones de casos de violencia de g\u00e9nero registradas en el municipio.<\/p>   <p>Debido al incremento del n\u00famero de multireincidentes los agentes de la unidad Themis piden \u201ccursos de reeducaci\u00f3n para los agresores, que antes se hac\u00edan y ya no se hacen, o que en las condenas, en vez de imponer trabajos en beneficio de la comunidad se hicieran este tipo de cursos\u201d, reclaman.<\/p> ","protected":false},"excerpt":{"rendered":"<p>La unidad Themis reclama m\u00e1s medios y cursos de reeducaci\u00f3n psicol\u00f3gica para los agresores<\/p>\n","protected":false},"author":0,"featured_media":10651,"comment_status":"open","ping_status":"open","sticky":false,"template":"","format":"standard","meta":{"_acf_changed":false,"footnotes":""},"categories":[1],"tags":[],"class_list":["post-10650","post","type-post","status-publish","format-standard","has-post-thumbnail","hentry","category-sin-categoria"],"acf":{"ser_id":"M7HTYDIELFHAFKI6PH4EFM75AY","ser_url":"https:\/\/cadenaser.com\/comunitat-valenciana\/2024\/11\/25\/194-mujeres-de-la-vila-joiosa-en-seguimiento-por-ser-victimas-de-violencia-de-genero-radio-alicante\/"},"_links":{"self":[{"href":"https:\/\/serbenidorm.daliisolutions.com\/index.php\/wp-json\/wp\/v2\/posts\/10650","targetHints":{"allow":["GET"]}}],"collection":[{"href":"https:\/\/serbenidorm.daliisolutions.com\/index.php\/wp-json\/wp\/v2\/posts"}],"about":[{"href":"https:\/\/serbenidorm.daliisolutions.com\/index.php\/wp-json\/wp\/v2\/types\/post"}],"replies":[{"embeddable":true,"href":"https:\/\/serbenidorm.daliisolutions.com\/index.php\/wp-json\/wp\/v2\/comments?post=10650"}],"version-history":[{"count":0,"href":"https:\/\/serbenidorm.daliisolutions.com\/index.php\/wp-json\/wp\/v2\/posts\/10650\/revisions"}],"wp:featuredmedia":[{"embeddable":true,"href":"https:\/\/serbenidorm.daliisolutions.com\/index.php\/wp-json\/wp\/v2\/media\/10651"}],"wp:attachment":[{"href":"https:\/\/serbenidorm.daliisolutions.com\/index.php\/wp-json\/wp\/v2\/media?parent=10650"}],"wp:term":[{"taxonomy":"category","embeddable":true,"href":"https:\/\/serbenidorm.daliisolutions.com\/index.php\/wp-json\/wp\/v2\/categories?post=10650"},{"taxonomy":"post_tag","embeddable":true,"href":"https:\/\/serbenidorm.daliisolutions.com\/index.php\/wp-json\/wp\/v2\/tags?post=10650"}],"curies":[{"name":"wp","href":"https:\/\/api.w.org\/{rel}","templated":true}]}}