{"id":10652,"date":"2024-11-25T17:06:36","date_gmt":"2024-11-25T16:06:36","guid":{"rendered":"https:\/\/serbenidorm.daliisolutions.com\/index.php\/2024\/11\/25\/la-policia-local-de-benidorm-protege-a-diario-a-91-victimas-de-violencia-de-genero-y-pide-mas-medios\/"},"modified":"2024-11-25T17:06:36","modified_gmt":"2024-11-25T16:06:36","slug":"la-policia-local-de-benidorm-protege-a-diario-a-91-victimas-de-violencia-de-genero-y-pide-mas-medios","status":"publish","type":"post","link":"https:\/\/serbenidorm.daliisolutions.com\/index.php\/2024\/11\/25\/la-policia-local-de-benidorm-protege-a-diario-a-91-victimas-de-violencia-de-genero-y-pide-mas-medios\/","title":{"rendered":"La Polic\u00eda Local de Benidorm protege a diario a 91 v\u00edctimas de violencia de g\u00e9nero y pide m\u00e1s medios"},"content":{"rendered":"  <p><\/p>   <p>Benidorm<\/p>   <p>Del total de <a href=\"https:\/\/cadenaser.com\/tag\/benidorm\/a\/\" target=\"_blank\">228 mujeres v\u00edctimas de la violencia de g\u00e9nero que necesitan protecci\u00f3n diaria en Benidorm<\/a> la Polic\u00eda Local se hace cargo del seguimiento de 90, 31 m\u00e1s que el a\u00f1o pasado. Un dato que refleja, seg\u00fan el oficial y portavoz Quique Tortosa, el incremento de las denuncias. Dos de ellas est\u00e1n en riesgo alto, 14 en riesgo medio y el resto en bajo.<\/p>   <p>Tortosa tambi\u00e9n coordina el grupo Gamma especializado en la atenci\u00f3n a la mujer y al menor \u00abdesde el que damos protecci\u00f3n directa a todos los casos que se nos derivan judicialmente y nuestro trabajo consiste en la vigilancia y control de las \u00f3rdenes de prohibici\u00f3n de aproximaci\u00f3n y comunicaci\u00f3n de los maltratadores\u00bb.<\/p>  <p><p>M\u00e1s informaci\u00f3n<\/p><figure><img loading=\"lazy\" decoding=\"async\" src=\"https:\/\/cadenaser.com\/resizer\/v2\/CGFC556VOZAU3J57ZJKNNMXF44.jpg?auth=4a2027f0484de2eaa920468489fcf2c4ca40a09a9b8a1edb5691b470c542dff2&amp;quality=70&amp;width=360&amp;height=202&amp;smart=true\" width=\"820\" height=\"621\" \/><\/figure><ul><li><a href=\"https:\/\/cadenaser.com\/comunitat-valenciana\/2024\/11\/24\/un-25n-en-recuerdo-de-rocio-rosi-y-margarita-las-tres-victimas-mortales-por-violencia-machista-en-la-provincia-de-alicante-este-2024-radio-alicante\/\"><span>Un 25N en recuerdo de Roc\u00edo, Rosi y Margarita, las tres v\u00edctimas mortales por violencia machista en la provincia de Alicante este 2024<\/span><\/a><\/li><\/ul><\/p>   <p>Una unidad de la que, no obstante, solo forman parte directamente dos agentes, lo que hace necesaria la colaboraci\u00f3n de todas las patrullas en sus labores diarias: \u00abEstamos muy escasos de medios, solo dos personas se dedican exclusivamente a esta protecci\u00f3n; son 45 casos con todo lo que conllevan en la cabeza de cada uno\u00bb.<\/p>   <p>Adem\u00e1s, los efectivos tambi\u00e9n brindan asesoramiento y acompa\u00f1amiento a la serie de gestiones que con motivo de su caso tienen que hacer a sede judiciales o policiales.<\/p>   <p>\u00abTenemos que pedirle a las mujeres que sean v\u00edctimas de violencia de g\u00e9nero que sean fuertes y que denuncien porque es la \u00fanica manera que tenemos para darles protecci\u00f3n ayuda y que no duden en acudir a cualquier dependencia policial o utilizar los tel\u00e9fonos de emergencia\u00bb, ha subrayado el portavoz policial.<\/p>   <p>     .c-w{         max-width:444px;         width:100%;         margin:32px auto;      background:#00755E;         border-radius:4px;         display:flex;         align-items:center;         justify-content:center;     }     .c-w a{         display:flex;         align-items:center;         justify-content:center;         padding:4px 24px;     }     .c-w img{         width:24px;         margin-right:12px;     }     .c-w p{         font:18px\/25px Poppins;         text-align:center;         color:#fff;         margin:0;     }     @media (max-width:444px){         .c-w a{             padding:4px 12px;         }         .c-w img{             width:24px;             margin-right:8px;         }         .c-w p{             font:14px\/25px Poppins;         }     }     @media (max-width:335px){         .c-w p{             font:13px\/25px Poppins;         }     }  <div class=\"c-w\">     <a href=\"https:\/\/www.whatsapp.com\/channel\/0029Va633PF9WtC4l7XUzh1e\" target=\"_blank\">         <img decoding=\"async\" src=\"https:\/\/cadenaser.com\/estaticos\/recursosgraficos\/responsive\/img\/ico-whatsapp.svg\" alt=\"Whatsapp\">         <p>\u00danete al <b>canal de WhatsApp<\/b> de la SER<\/p>     <\/a> <\/div><\/p>   <p><div class=\"oembed facebook-post\"><div id=\"fb-root\"><\/div> <div class=\"fb-post\" data-href=\"https:\/\/www.facebook.com\/policialocalbenidorm\/posts\/pfbid02Mre4Cmr9G44yTSqr1BRVFYjDT89Ay3npLcuAHWxuRA7qTFT33YSWFovZkgaZtahol\" data-width=\"552\"><blockquote cite=\"https:\/\/graph.facebook.com\/100076567145064\/posts\/589094440319456\/\" class=\"fb-xfbml-parse-ignore\"><p>\u00abTira del lazo\u00bb para que no tengamos que recordarlo todos los a\u00f1os \ud83d\ude4f.  \ud83d\udfeaHoy no celebramos nada\ud83d\udfea Esta fecha sirve para&#8230;<\/p>Publicada por <a href=\"https:\/\/www.facebook.com\/policialocalbenidorm\">Polic\u00eda Local Benidorm<\/a> en\u00a0<a href=\"https:\/\/graph.facebook.com\/100076567145064\/posts\/589094440319456\/\">Domingo, 24 de noviembre de 2024<\/a><\/blockquote><\/div><\/div><\/p>   <p><a href=\"https:\/\/cadenaser.com\/tag\/dia_internacional_eliminacion_violencia_contra_la_mujer\/a\/\" target=\"_blank\">El tel\u00e9fono de atenci\u00f3n a las v\u00edctimas es el 016<\/a>, es gratuito y no deja rastro en la factura, aunque se tiene que borrar del registro de llamadas.<\/p> ","protected":false},"excerpt":{"rendered":"<p>Los seguimientos que hace el cuerpo crecen un 50 % respecto al a\u00f1o pasado y la unidad especializada solo tiene dos efectivos<\/p>\n","protected":false},"author":0,"featured_media":10653,"comment_status":"open","ping_status":"open","sticky":false,"template":"","format":"standard","meta":{"_acf_changed":false,"footnotes":""},"categories":[1],"tags":[],"class_list":["post-10652","post","type-post","status-publish","format-standard","has-post-thumbnail","hentry","category-sin-categoria"],"acf":{"ser_id":"WYPF3KHXXNFMZG2WI2IVPXYRTQ","ser_url":"https:\/\/cadenaser.com\/comunitat-valenciana\/2024\/11\/25\/la-policia-local-de-benidorm-protege-a-diario-a-90-victimas-de-violencia-de-genero-radio-benidorm\/"},"_links":{"self":[{"href":"https:\/\/serbenidorm.daliisolutions.com\/index.php\/wp-json\/wp\/v2\/posts\/10652","targetHints":{"allow":["GET"]}}],"collection":[{"href":"https:\/\/serbenidorm.daliisolutions.com\/index.php\/wp-json\/wp\/v2\/posts"}],"about":[{"href":"https:\/\/serbenidorm.daliisolutions.com\/index.php\/wp-json\/wp\/v2\/types\/post"}],"replies":[{"embeddable":true,"href":"https:\/\/serbenidorm.daliisolutions.com\/index.php\/wp-json\/wp\/v2\/comments?post=10652"}],"version-history":[{"count":0,"href":"https:\/\/serbenidorm.daliisolutions.com\/index.php\/wp-json\/wp\/v2\/posts\/10652\/revisions"}],"wp:featuredmedia":[{"embeddable":true,"href":"https:\/\/serbenidorm.daliisolutions.com\/index.php\/wp-json\/wp\/v2\/media\/10653"}],"wp:attachment":[{"href":"https:\/\/serbenidorm.daliisolutions.com\/index.php\/wp-json\/wp\/v2\/media?parent=10652"}],"wp:term":[{"taxonomy":"category","embeddable":true,"href":"https:\/\/serbenidorm.daliisolutions.com\/index.php\/wp-json\/wp\/v2\/categories?post=10652"},{"taxonomy":"post_tag","embeddable":true,"href":"https:\/\/serbenidorm.daliisolutions.com\/index.php\/wp-json\/wp\/v2\/tags?post=10652"}],"curies":[{"name":"wp","href":"https:\/\/api.w.org\/{rel}","templated":true}]}}