{"id":10677,"date":"2024-11-26T10:31:06","date_gmt":"2024-11-26T09:31:06","guid":{"rendered":"https:\/\/serbenidorm.daliisolutions.com\/index.php\/2024\/11\/26\/el-sporting-la-nucia-busca-hueco-en-los-octavos-de-final-de-copa\/"},"modified":"2024-11-26T10:31:06","modified_gmt":"2024-11-26T09:31:06","slug":"el-sporting-la-nucia-busca-hueco-en-los-octavos-de-final-de-copa","status":"publish","type":"post","link":"https:\/\/serbenidorm.daliisolutions.com\/index.php\/2024\/11\/26\/el-sporting-la-nucia-busca-hueco-en-los-octavos-de-final-de-copa\/","title":{"rendered":"El Sporting La Nuc\u00eda busca hueco en los octavos de final de Copa"},"content":{"rendered":"  <p><\/p>   <p>Benidorm<\/p>   <p>Tras <a href=\"https:\/\/cadenaser.com\/comunitat-valenciana\/2024\/09\/04\/todos-los-partidos-horarios-y-resultados-del-sporting-futbol-sala-la-nucia-radio-benidorm\/\" target=\"_blank\">haberse impuesto en la ronda previa al Picassent<\/a> en la tanda de penaltis, el <a href=\"https:\/\/cadenaser.com\/tag\/sporting_futbol_sala_la_nucia\/a\/\" target=\"_blank\">Sporting La Nuc\u00eda<\/a> vuelve esta tarde (20:00 horas) a la Copa del Rey de f\u00fatbol sala para medirse al Valdepe\u00f1as en busca del pase a los octavos de final de la competici\u00f3n del KO.<\/p>   <p>Tras <a href=\"https:\/\/cadenaser.com\/comunitat-valenciana\/2024\/11\/17\/el-sporting-la-nucia-sigue-sumando-radio-benidorm\/\" target=\"_blank\">la dolorosa derrota sufrida en liga el pasado fin de semana ante el Ferrol<\/a>, los rojillos vuelven ahora a la carga para medirse a un rival de Primera Divisi\u00f3n que, eso s\u00ed, no est\u00e1 pasando por su mejor momento despu\u00e9s de haber encadenado siete derrotas por una sola victoria en lo que va de temporada.<\/p>   <p>Los nucieros, por su parte, parec\u00edan haber encontrado un buen momento de juego tras encadenar tres partidos sin conocer la derrota, una racha que se vio truncada el pasado fin de semana en Galicia en un partido en el que, sin duda, los de \u2018Dada\u2019 merecieron m\u00e1s; pero en el que, una vez m\u00e1s, la falta de contundencia de cara a la porter\u00eda contraria acab\u00f3 lastrando sus opciones.<\/p> ","protected":false},"excerpt":{"rendered":"<p>El conjunto rojillo se mide en el Camilo Cano al Valdepe\u00f1as de Primera Divisi\u00f3n<\/p>\n","protected":false},"author":0,"featured_media":10678,"comment_status":"open","ping_status":"open","sticky":false,"template":"","format":"standard","meta":{"_acf_changed":false,"footnotes":""},"categories":[16],"tags":[],"class_list":["post-10677","post","type-post","status-publish","format-standard","has-post-thumbnail","hentry","category-deportes"],"acf":{"ser_id":"4FIB6LE45JCCDFYWXPDSBPMFXQ","ser_url":"https:\/\/cadenaser.com\/comunitat-valenciana\/2024\/11\/26\/el-sporting-la-nucia-busca-hueco-en-los-octavos-de-final-de-copa-radio-benidorm\/"},"_links":{"self":[{"href":"https:\/\/serbenidorm.daliisolutions.com\/index.php\/wp-json\/wp\/v2\/posts\/10677","targetHints":{"allow":["GET"]}}],"collection":[{"href":"https:\/\/serbenidorm.daliisolutions.com\/index.php\/wp-json\/wp\/v2\/posts"}],"about":[{"href":"https:\/\/serbenidorm.daliisolutions.com\/index.php\/wp-json\/wp\/v2\/types\/post"}],"replies":[{"embeddable":true,"href":"https:\/\/serbenidorm.daliisolutions.com\/index.php\/wp-json\/wp\/v2\/comments?post=10677"}],"version-history":[{"count":0,"href":"https:\/\/serbenidorm.daliisolutions.com\/index.php\/wp-json\/wp\/v2\/posts\/10677\/revisions"}],"wp:featuredmedia":[{"embeddable":true,"href":"https:\/\/serbenidorm.daliisolutions.com\/index.php\/wp-json\/wp\/v2\/media\/10678"}],"wp:attachment":[{"href":"https:\/\/serbenidorm.daliisolutions.com\/index.php\/wp-json\/wp\/v2\/media?parent=10677"}],"wp:term":[{"taxonomy":"category","embeddable":true,"href":"https:\/\/serbenidorm.daliisolutions.com\/index.php\/wp-json\/wp\/v2\/categories?post=10677"},{"taxonomy":"post_tag","embeddable":true,"href":"https:\/\/serbenidorm.daliisolutions.com\/index.php\/wp-json\/wp\/v2\/tags?post=10677"}],"curies":[{"name":"wp","href":"https:\/\/api.w.org\/{rel}","templated":true}]}}