{"id":10693,"date":"2024-11-26T14:50:01","date_gmt":"2024-11-26T13:50:01","guid":{"rendered":"https:\/\/serbenidorm.daliisolutions.com\/index.php\/2024\/11\/26\/una-nueva-piedra-en-el-camino-del-poligono-industrial-de-benidorm\/"},"modified":"2024-11-26T14:50:01","modified_gmt":"2024-11-26T13:50:01","slug":"una-nueva-piedra-en-el-camino-del-poligono-industrial-de-benidorm","status":"publish","type":"post","link":"https:\/\/serbenidorm.daliisolutions.com\/index.php\/2024\/11\/26\/una-nueva-piedra-en-el-camino-del-poligono-industrial-de-benidorm\/","title":{"rendered":"Una nueva piedra en el camino del pol\u00edgono industrial de Benidorm"},"content":{"rendered":"  <p><\/p>   <p>Benidorm<\/p>   <p>Es un nuevo paso atr\u00e1s para la consecuci\u00f3n del primer pol\u00edgono industrial de Benidorm que acumula d\u00e9cadas de retraso. El Ayuntamiento de la capital tur\u00edstica propondr\u00e1 en el pr\u00f3ximo pleno retirar a la empresa Terra Village de Enrique Ortiz y Enrique Ballester la condici\u00f3n de agente urbanizador para cumplir as\u00ed con la Ley de Contratos.<\/p>   <p>Todo despu\u00e9s de que los precios del contrato del Plan Parcial 3\/1, adjudicado en 2002, hayan aumentado por encima del l\u00edmite. Lo ha explicado la concejal de Urbanismo, Lourdes Caselles, detallando que \u00ab<a href=\"https:\/\/cadenaser.com\/tag\/benidorm\/a\/\" target=\"_blank\">con el paso de los a\u00f1os y la aparici\u00f3n de nuevas exigencias para desarrollar este suelo, los costes y cargas de urbanizaci\u00f3n se han ido incrementando, super\u00e1ndose en m\u00e1s del 50% de lo previsto inicialmente<\/a>, tal y como se recoge en la Memoria de retasaci\u00f3n de cargas y resumen de cuotas del programa presentada por el urbanizador hace unos meses\u00bb.<\/p>  <p><p>M\u00e1s informaci\u00f3n<\/p><figure><img loading=\"lazy\" decoding=\"async\" src=\"https:\/\/cadenaser.com\/resizer\/v2\/AI3SEMTQLRD2ZHDDEPOU5CT3HA.jpg?auth=6863655aac479e6cd1a63ef68033f95a502b4405b7185a9c47213fae7d6789c4&amp;quality=70&amp;width=360&amp;height=202&amp;smart=true\" width=\"820\" height=\"621\" \/><\/figure><ul><li><a href=\"https:\/\/cadenaser.com\/comunitat-valenciana\/2024\/11\/21\/el-gobierno-de-la-vila-joiosa-aprueba-el-reglamento-del-cementerio-y-rechaza-bajar-el-ibi-radio-benidorm\/\"><span>El gobierno de La Vila Joiosa aprueba el reglamento del cementerio y rechaza bajar el IBI<\/span><\/a><\/li><\/ul><\/p>   <p>Pese a todo, los expertos se\u00f1alan que el incremento de cargas tampoco es culpa de la mercantil: \u00abTal y como indican los informes t\u00e9cnicos, no existe responsabilidad del urbanizador y, por tanto, no hay causa de resoluci\u00f3n culpable, ya que dicho incremento de las cargas no son imputables a Terra Village\u00bb, ha se\u00f1alado Caselles.<\/p>   <p>Esta empresa tiene ahora dos opciones: oponerse a la resoluci\u00f3n del contrato, en cuyo caso el expediente deber\u00e1 remitirse al Consell Jur\u00eddic Consultiu, o respetarlo, con lo que se deber\u00e1 proceder a la comprobaci\u00f3n, medici\u00f3n y liquidaci\u00f3n de las obras realizadas y del programa.<\/p>   <p>Cabe destacar que el primer centro comercial de la ciudad es el \u00fanico proyecto anunciado en el pol\u00edgono y sus promotores llevan esperando a\u00f1os para poderlo realizar.<\/p>   <p>     .c-w{         max-width:444px;         width:100%;         margin:32px auto;      background:#00755E;         border-radius:4px;         display:flex;         align-items:center;         justify-content:center;     }     .c-w a{         display:flex;         align-items:center;         justify-content:center;         padding:4px 24px;     }     .c-w img{         width:24px;         margin-right:12px;     }     .c-w p{         font:18px\/25px Poppins;         text-align:center;         color:#fff;         margin:0;     }     @media (max-width:444px){         .c-w a{             padding:4px 12px;         }         .c-w img{             width:24px;             margin-right:8px;         }         .c-w p{             font:14px\/25px Poppins;         }     }     @media (max-width:335px){         .c-w p{             font:13px\/25px Poppins;         }     }  <div class=\"c-w\">     <a href=\"https:\/\/www.whatsapp.com\/channel\/0029Va633PF9WtC4l7XUzh1e\" target=\"_blank\">         <img decoding=\"async\" src=\"https:\/\/cadenaser.com\/estaticos\/recursosgraficos\/responsive\/img\/ico-whatsapp.svg\" alt=\"Whatsapp\">         <p>\u00danete al <b>canal de WhatsApp<\/b> de la SER<\/p>     <\/a> <\/div><\/p> ","protected":false},"excerpt":{"rendered":"<p>El Ayuntamiento propone retirar a Terra Village la condici\u00f3n de agente urbanizador<\/p>\n","protected":false},"author":0,"featured_media":10694,"comment_status":"open","ping_status":"open","sticky":false,"template":"","format":"standard","meta":{"_acf_changed":false,"footnotes":""},"categories":[1],"tags":[],"class_list":["post-10693","post","type-post","status-publish","format-standard","has-post-thumbnail","hentry","category-sin-categoria"],"acf":{"ser_id":"P75EJWTERNEX5HHYCZCLUDMACU","ser_url":"https:\/\/cadenaser.com\/comunitat-valenciana\/2024\/11\/26\/una-nueva-piedra-en-el-camino-del-poligono-industrial-de-benidorm-radio-benidorm\/"},"_links":{"self":[{"href":"https:\/\/serbenidorm.daliisolutions.com\/index.php\/wp-json\/wp\/v2\/posts\/10693","targetHints":{"allow":["GET"]}}],"collection":[{"href":"https:\/\/serbenidorm.daliisolutions.com\/index.php\/wp-json\/wp\/v2\/posts"}],"about":[{"href":"https:\/\/serbenidorm.daliisolutions.com\/index.php\/wp-json\/wp\/v2\/types\/post"}],"replies":[{"embeddable":true,"href":"https:\/\/serbenidorm.daliisolutions.com\/index.php\/wp-json\/wp\/v2\/comments?post=10693"}],"version-history":[{"count":0,"href":"https:\/\/serbenidorm.daliisolutions.com\/index.php\/wp-json\/wp\/v2\/posts\/10693\/revisions"}],"wp:featuredmedia":[{"embeddable":true,"href":"https:\/\/serbenidorm.daliisolutions.com\/index.php\/wp-json\/wp\/v2\/media\/10694"}],"wp:attachment":[{"href":"https:\/\/serbenidorm.daliisolutions.com\/index.php\/wp-json\/wp\/v2\/media?parent=10693"}],"wp:term":[{"taxonomy":"category","embeddable":true,"href":"https:\/\/serbenidorm.daliisolutions.com\/index.php\/wp-json\/wp\/v2\/categories?post=10693"},{"taxonomy":"post_tag","embeddable":true,"href":"https:\/\/serbenidorm.daliisolutions.com\/index.php\/wp-json\/wp\/v2\/tags?post=10693"}],"curies":[{"name":"wp","href":"https:\/\/api.w.org\/{rel}","templated":true}]}}