{"id":10695,"date":"2024-11-26T14:50:02","date_gmt":"2024-11-26T13:50:02","guid":{"rendered":"https:\/\/serbenidorm.daliisolutions.com\/index.php\/2024\/11\/26\/las-policias-locales-de-la-marina-baixa-recogen-juguetes-para-los-ninos-afectados-por-la-dana\/"},"modified":"2024-11-26T14:50:02","modified_gmt":"2024-11-26T13:50:02","slug":"las-policias-locales-de-la-marina-baixa-recogen-juguetes-para-los-ninos-afectados-por-la-dana","status":"publish","type":"post","link":"https:\/\/serbenidorm.daliisolutions.com\/index.php\/2024\/11\/26\/las-policias-locales-de-la-marina-baixa-recogen-juguetes-para-los-ninos-afectados-por-la-dana\/","title":{"rendered":"Las polic\u00edas locales de la Marina Baixa recogen juguetes para los ni\u00f1os afectados por la DANA"},"content":{"rendered":"  <p><\/p>   <p>Marina Baixa<\/p>   <p>Las centrales de la Polic\u00eda Local de ocho municipios de la Marina Baixa servir\u00e1n de punto de recogida de juguetes nuevos que la filial en Alicante de la International Police Association (IPA) entregar\u00e1 a los ni\u00f1os de las poblaciones m\u00e1s afectadas por la DANA. <\/p>   <p>Una forma de actuar \u00abcomo los Reyes Magos con quienes m\u00e1s lo necesitan\u00bb como as\u00ed lo ha se\u00f1alado en <a href=\"https:\/\/radiobenidorm.es\" rel=\"nofollow\" target=\"_blank\">Hoy por Hoy Benidorm <\/a>Fernando Portela secretario de IPA Alicante. <\/p>   <p>Colaboran en esta campa\u00f1a solidaria los cuerpos policiales de l\u2019Alf\u00e0s del Pi, Altea, Benidorm, Callosa d\u2019en Sarri\u00e0, Finestrat, La Nuc\u00eda, Polop de la Marina y La Vila Joiosa. <\/p>   <p>Los ciudadanos que quieran colaborar con la campa\u00f1a ya pueden depositar sus juguetes, que deben ser nuevos y estar envueltos para regalo, en las sedes de las polic\u00edas de los municipios participantes. Adem\u00e1s de juguetes, la campa\u00f1a tambi\u00e9n incluye la recogida de material escolar \u00abque es ahora de lo que m\u00e1s necesitan\u00bb, seg\u00fan Portela. <\/p>   <p>La campa\u00f1a estar\u00e1 activa hasta el pr\u00f3ximo 9 de diciembre. Del 10 al 20 de diciembre, colaboradores y asociados de IPA Alicante se har\u00e1n cargo de realizar la entrega de juguetes y material escolar en las diversas poblaciones afectadas por la DANA. \u00abAnte la cercan\u00eda de la Navidad, ning\u00fan ni\u00f1o o ni\u00f1a deber\u00eda quedarse sin la magia y la alegr\u00eda caracter\u00edsticas de estas fechas. Creemos que un peque\u00f1o gesto puede iluminar el camino de quienes a\u00fan conservan la ilusi\u00f3n. Juntos podemos asegurar que esta chispa de esperanza y alegr\u00eda nunca se apague\u201d, a\u00f1ade.<\/p>   <p>     .c-w{         max-width:444px;         width:100%;         margin:32px auto;      background:#00755E;         border-radius:4px;         display:flex;         align-items:center;         justify-content:center;     }     .c-w a{         display:flex;         align-items:center;         justify-content:center;         padding:4px 24px;     }     .c-w img{         width:24px;         margin-right:12px;     }     .c-w p{         font:18px\/25px Poppins;         text-align:center;         color:#fff;         margin:0;     }     @media (max-width:444px){         .c-w a{             padding:4px 12px;         }         .c-w img{             width:24px;             margin-right:8px;         }         .c-w p{             font:14px\/25px Poppins;         }     }     @media (max-width:335px){         .c-w p{             font:13px\/25px Poppins;         }     }  <div class=\"c-w\">     <a href=\"https:\/\/www.whatsapp.com\/channel\/0029Va633PF9WtC4l7XUzh1e\" target=\"_blank\">         <img decoding=\"async\" src=\"https:\/\/cadenaser.com\/estaticos\/recursosgraficos\/responsive\/img\/ico-whatsapp.svg\" alt=\"Whatsapp\">         <p>\u00danete al <b>canal de WhatsApp<\/b> de la SER<\/p>     <\/a> <\/div><\/p> ","protected":false},"excerpt":{"rendered":"<p>La iniciativa parte de IPA Alicante y tambi\u00e9n incluye la recogida de material escolar<\/p>\n","protected":false},"author":0,"featured_media":10696,"comment_status":"open","ping_status":"open","sticky":false,"template":"","format":"standard","meta":{"_acf_changed":false,"footnotes":""},"categories":[1],"tags":[],"class_list":["post-10695","post","type-post","status-publish","format-standard","has-post-thumbnail","hentry","category-sin-categoria"],"acf":{"ser_id":"VVZVBRECR5AJLFIN3QTML66VSY","ser_url":"https:\/\/cadenaser.com\/comunitat-valenciana\/2024\/11\/26\/las-policias-locales-de-la-marina-baixa-recogen-juguetes-para-los-ninos-afectados-por-la-dana-radio-benidorm\/"},"_links":{"self":[{"href":"https:\/\/serbenidorm.daliisolutions.com\/index.php\/wp-json\/wp\/v2\/posts\/10695","targetHints":{"allow":["GET"]}}],"collection":[{"href":"https:\/\/serbenidorm.daliisolutions.com\/index.php\/wp-json\/wp\/v2\/posts"}],"about":[{"href":"https:\/\/serbenidorm.daliisolutions.com\/index.php\/wp-json\/wp\/v2\/types\/post"}],"replies":[{"embeddable":true,"href":"https:\/\/serbenidorm.daliisolutions.com\/index.php\/wp-json\/wp\/v2\/comments?post=10695"}],"version-history":[{"count":0,"href":"https:\/\/serbenidorm.daliisolutions.com\/index.php\/wp-json\/wp\/v2\/posts\/10695\/revisions"}],"wp:featuredmedia":[{"embeddable":true,"href":"https:\/\/serbenidorm.daliisolutions.com\/index.php\/wp-json\/wp\/v2\/media\/10696"}],"wp:attachment":[{"href":"https:\/\/serbenidorm.daliisolutions.com\/index.php\/wp-json\/wp\/v2\/media?parent=10695"}],"wp:term":[{"taxonomy":"category","embeddable":true,"href":"https:\/\/serbenidorm.daliisolutions.com\/index.php\/wp-json\/wp\/v2\/categories?post=10695"},{"taxonomy":"post_tag","embeddable":true,"href":"https:\/\/serbenidorm.daliisolutions.com\/index.php\/wp-json\/wp\/v2\/tags?post=10695"}],"curies":[{"name":"wp","href":"https:\/\/api.w.org\/{rel}","templated":true}]}}