{"id":10704,"date":"2024-11-26T15:08:42","date_gmt":"2024-11-26T14:08:42","guid":{"rendered":"https:\/\/serbenidorm.daliisolutions.com\/index.php\/2024\/11\/26\/la-campeona-del-mundo-fem-van-empel-buscara-su-tercer-triunfo-en-benidorm\/"},"modified":"2024-11-26T15:08:42","modified_gmt":"2024-11-26T14:08:42","slug":"la-campeona-del-mundo-fem-van-empel-buscara-su-tercer-triunfo-en-benidorm","status":"publish","type":"post","link":"https:\/\/serbenidorm.daliisolutions.com\/index.php\/2024\/11\/26\/la-campeona-del-mundo-fem-van-empel-buscara-su-tercer-triunfo-en-benidorm\/","title":{"rendered":"La campeona del mundo, Fem van Empel, buscar\u00e1 su tercer triunfo en Benidorm"},"content":{"rendered":"  <p><\/p>   <p>Benidorm<\/p>   <p><a href=\"https:\/\/cadenaser.com\/comunitat-valenciana\/2024\/11\/24\/felipe-orts-pasa-el-test-de-amberes-haciendo-control-de-danos-radio-benidorm\/\">La Copa del Mundo de ciclocross ech\u00f3 a andar el pasado fin de semana en la ciudad belga de Amberes<\/a>, donde se disput\u00f3 la primera de sus doce puntuables iniciando de esa manera la cuenta atr\u00e1s definitiva para su llegada a Benidorm el pr\u00f3ximo d\u00eda 19 de enero, cuando <a href=\"https:\/\/cadenaser.com\/comunitat-valenciana\/2024\/11\/14\/la-copa-del-mundo-de-ciclocross-de-benidorm-se-adentrara-mas-en-el-moralet-radio-benidorm\/\">el renovado circuito de El Moralet y Foietes<\/a> acoger\u00e1 la m\u00e1xima competici\u00f3n de la especialidad invernal del ciclismo por tercera vez.<\/p>   <p>La actual campeona del mundo, la neerlandesa Fem van Empel, ya ha confirmado su presencia en uno de sus trazados fetiche <a href=\"https:\/\/cadenaser.com\/comunitat-valenciana\/2024\/01\/22\/van-aert-renace-en-el-duelo-a-muerte-bajo-el-sol-de-benidorm-radio-benidorm\/\">tras haberse impuesto en las dos ediciones previas<\/a>. Con tan solo 22 a\u00f1os, la ciclista del equipo Visma-Lease a Bike (estructura en la que tambi\u00e9n milita <a href=\"https:\/\/cadenaser.com\/comunitat-valenciana\/2024\/01\/22\/van-aert-renace-en-el-duelo-a-muerte-bajo-el-sol-de-benidorm-radio-benidorm\/\">el vencedor de 2024 en la prueba masculina, Wout van Aert<\/a>), ha verbalizado ya su intenci\u00f3n futura de bajar su carga competitiva invernal, pero la Copa del Mundo de Benidorm sigue ocupando un hueco primordial en su calendario.<\/p>   <p>As\u00ed lo ha explicado en una entrevista publicada por el medio especializado \u2018<a href=\"https:\/\/www.wielerflits.nl\/nieuws\/fem-van-empel-gaat-minder-crossen-uiteindelijk-is-alles-in-functie-van-de-weg\/\" rel=\"nofollow\">Wielerflits\u2019<\/a>, donde ha asegurado que, tras su victoria en <a href=\"https:\/\/cadenaser.com\/comunitat-valenciana\/2024\/11\/03\/felipe-orts-subcampeon-de-europa-radio-benidorm\/\">el Campeonato de Europa celebrado en Pontevedra<\/a> el pasado d\u00eda 3 de noviembre, puso rumbo a Calpe para completar \u201cun buen bloque de entrenamiento\u201d previo a retomar la competici\u00f3n.<\/p>   <p>Van Empel quiere, como tambi\u00e9n lo han hecho los ganadores masculinos en Benidorm Mathieu Van der Poel y Wout van Aert, combinar de manera m\u00e1s exitosa el ciclocross y la ruta, donde esta pasada temporada ha completado actuaciones m\u00e1s o menos interesantes; pero donde su potencial sigue siendo una inc\u00f3gnita.<\/p>   <p>Para ello, este invierno reducir\u00e1 su calendario de ciclocross de forma significativa, pasando de las 23 carreras disputadas el pasado a\u00f1o a tomar la salida s\u00f3lo en 17, que podr\u00edan ser, incluso, alguna menos.<\/p>   <p>     .c-w{         max-width:444px;         width:100%;         margin:32px auto;      background:#00755E;         border-radius:4px;         display:flex;         align-items:center;         justify-content:center;     }     .c-w a{         display:flex;         align-items:center;         justify-content:center;         padding:4px 24px;     }     .c-w img{         width:24px;         margin-right:12px;     }     .c-w p{         font:18px\/25px Poppins;         text-align:center;         color:#fff;         margin:0;     }     @media (max-width:444px){         .c-w a{             padding:4px 12px;         }         .c-w img{             width:24px;             margin-right:8px;         }         .c-w p{             font:14px\/25px Poppins;         }     }     @media (max-width:335px){         .c-w p{             font:13px\/25px Poppins;         }     }  <div class=\"c-w\">     <a href=\"https:\/\/www.whatsapp.com\/channel\/0029Va633PF9WtC4l7XUzh1e\" target=\"_blank\">         <img decoding=\"async\" src=\"https:\/\/cadenaser.com\/estaticos\/recursosgraficos\/responsive\/img\/ico-whatsapp.svg\" alt=\"Whatsapp\">         <p>\u00danete al <b>canal de WhatsApp<\/b> de la SER<\/p>     <\/a> <\/div><\/p>   <p>\u201cQuiero elegir bien mi calendario porque quiero tener mis momentos para entrenar y, a la vez, mantener la frescura. No me voy a dejar ver tanto como el a\u00f1o pasado, pero seguro que ser\u00e1n suficientes carreras\u201d, afirma Van Empel.<\/p>   <p>La general de la Copa del Mundo seguir\u00e1 siendo, junto al Mundial (que se disputa el 2 de febrero en Li\u00e9vin, Francia), su gran objetivo de la temporada. De hecho, la campeona del mundo ha descartado su presencia en la puntuable de Cabras (Cerde\u00f1a, Italia), por lo que si quiere aspirar a reeditar su victoria de la temporada 2022-2023, un tercer triunfo en Benidorm ser\u00eda un gran espaldarazo a sus opciones.<\/p>   <p><b>Felipe Orts, a la espera de sus rivales<\/b><\/p>   <p>En lo que a la prueba masculina se refiere, la Copa del Mundo de Benidorm supondr\u00e1 el gran duelo de \u2018<a href=\"https:\/\/cadenaser.com\/tag\/felipe_orts_lloret\/a\/\">Felipe Orts contra todos<\/a>\u2019. La gran temporada protagonizada hasta la fecha por el corredor de La Vila Joiosa ha confirmado al seis veces Campe\u00f3n de Espa\u00f1a como una de las m\u00e1ximas figuras del pelot\u00f3n internacional y, por lo tanto, se espera m\u00e1s que nunca de \u00e9l en la carrera \u2018de casa\u2019.<\/p>   <p>Mientras que la presencia en Benidorm de los especialistas puros como, por nombrar s\u00f3lo unos ejemplos, Eli Iserbyt, Michael Vanthourenthout, Lars van der Haar o Laurens Sweeck se da por descontada; toda la atenci\u00f3n se centra ahora en conocer los planes del \u2018big three\u2019 de la especialidad invernal del ciclismo, verbigracia, los Van der Poel, Van Aert y Pidcock.<\/p>   <p>Los calendarios del neerland\u00e9s, el belga y el brit\u00e1nico siguen siendo toda una inc\u00f3gnita en una fecha en la que el pasado a\u00f1o s\u00f3lo Van Aert se manten\u00eda in\u00e9dito en el barro (no debut\u00f3 hasta el 9 de diciembre en Essen).<\/p> ","protected":false},"excerpt":{"rendered":"<p>La corredora neerlandesa mantiene la prueba de El Moralet y Foietes en su programa de carreras<\/p>\n","protected":false},"author":0,"featured_media":10705,"comment_status":"open","ping_status":"open","sticky":false,"template":"","format":"standard","meta":{"_acf_changed":false,"footnotes":""},"categories":[16],"tags":[],"class_list":["post-10704","post","type-post","status-publish","format-standard","has-post-thumbnail","hentry","category-deportes"],"acf":{"ser_id":"ZWTC2PTD2ZDM5NUJJKDKVNHX4A","ser_url":"https:\/\/cadenaser.com\/comunitat-valenciana\/2024\/11\/26\/la-campeona-del-mundo-fem-van-empel-buscara-su-tercer-triunfo-en-benidorm-radio-benidorm\/"},"_links":{"self":[{"href":"https:\/\/serbenidorm.daliisolutions.com\/index.php\/wp-json\/wp\/v2\/posts\/10704","targetHints":{"allow":["GET"]}}],"collection":[{"href":"https:\/\/serbenidorm.daliisolutions.com\/index.php\/wp-json\/wp\/v2\/posts"}],"about":[{"href":"https:\/\/serbenidorm.daliisolutions.com\/index.php\/wp-json\/wp\/v2\/types\/post"}],"replies":[{"embeddable":true,"href":"https:\/\/serbenidorm.daliisolutions.com\/index.php\/wp-json\/wp\/v2\/comments?post=10704"}],"version-history":[{"count":0,"href":"https:\/\/serbenidorm.daliisolutions.com\/index.php\/wp-json\/wp\/v2\/posts\/10704\/revisions"}],"wp:featuredmedia":[{"embeddable":true,"href":"https:\/\/serbenidorm.daliisolutions.com\/index.php\/wp-json\/wp\/v2\/media\/10705"}],"wp:attachment":[{"href":"https:\/\/serbenidorm.daliisolutions.com\/index.php\/wp-json\/wp\/v2\/media?parent=10704"}],"wp:term":[{"taxonomy":"category","embeddable":true,"href":"https:\/\/serbenidorm.daliisolutions.com\/index.php\/wp-json\/wp\/v2\/categories?post=10704"},{"taxonomy":"post_tag","embeddable":true,"href":"https:\/\/serbenidorm.daliisolutions.com\/index.php\/wp-json\/wp\/v2\/tags?post=10704"}],"curies":[{"name":"wp","href":"https:\/\/api.w.org\/{rel}","templated":true}]}}