{"id":10713,"date":"2024-11-26T18:17:06","date_gmt":"2024-11-26T17:17:06","guid":{"rendered":"https:\/\/serbenidorm.daliisolutions.com\/index.php\/2024\/11\/26\/asi-es-el-proyecto-y-la-app-para-potenciar-el-comercio-local-en-diez-pueblos-de-la-marina-baixa\/"},"modified":"2024-11-26T18:17:06","modified_gmt":"2024-11-26T17:17:06","slug":"asi-es-el-proyecto-y-la-app-para-potenciar-el-comercio-local-en-diez-pueblos-de-la-marina-baixa","status":"publish","type":"post","link":"https:\/\/serbenidorm.daliisolutions.com\/index.php\/2024\/11\/26\/asi-es-el-proyecto-y-la-app-para-potenciar-el-comercio-local-en-diez-pueblos-de-la-marina-baixa\/","title":{"rendered":"As\u00ed es el proyecto y la app para potenciar el comercio local en diez pueblos de la Marina Baixa"},"content":{"rendered":"  <p><\/p>   <p>Benidorm<\/p>   <p>La Diputaci\u00f3n Provincial de Alicante va a destinar medio mill\u00f3n de euros de fondos europeos para el proyecto <a href=\"https:\/\/cadenaser.com\/tag\/comarca_la_marina_baixa\/a\/\" target=\"_blank\">Alicante Rural-com<\/a> que quiere potenciar el comercio local en 84 municipios de menos de cinco mil habitantes. En la Marina Baixa son Beniard\u00e0, Benifato, Benimantell, Bolulla, Confrides, Guadalest, Orxeta, Relleu, Sella y T\u00e0rbena.<\/p>   <p>La instalaci\u00f3n de puntos wifi, una plataforma digital para los comercios, formaci\u00f3n en eco-commerce y el reparto de bolsas reutilizables, entre las actividades que se van a llevar a cabo, como ha explicado el responsable provincial de desarrollo econ\u00f3mico Carlos Pastor.<\/p>  <p><p>M\u00e1s informaci\u00f3n<\/p><figure><img loading=\"lazy\" decoding=\"async\" src=\"https:\/\/cadenaser.com\/resizer\/v2\/MM35BH7NT5HIVEDOIGXABEQFR4.jpeg?auth=fbb79e59ce2d116205fdfd52898e5a4730f93ec27023a941f59bdfa8320e0225&amp;quality=70&amp;width=360&amp;height=202&amp;smart=true\" width=\"820\" height=\"621\" \/><\/figure><ul><li><a href=\"https:\/\/cadenaser.com\/comunitat-valenciana\/2024\/11\/26\/las-policias-locales-de-la-marina-baixa-recogen-juguetes-para-los-ninos-afectados-por-la-dana-radio-benidorm\/\"><span>Las polic\u00edas locales de la Marina Baixa recogen juguetes para los ni\u00f1os afectados por la DANA<\/span><\/a><\/li><\/ul><\/p>   <p>El diputado tambi\u00e9n ha indicado durante la presentaci\u00f3n que la iniciativa cuenta con una aportaci\u00f3n provincial extra de 125.000 euros con la transformaci\u00f3n digital y la lucha contra la despoblaci\u00f3n como prioridades.<\/p>   <p>Una app de pueblo<\/p>   <p>Se est\u00e1 trabajando ya, ha desarrollado, en el desarrollo<b> <\/b>de una<b> <\/b>aplicaci\u00f3n digital que concentre la oferta privada comercial, de restauraci\u00f3n y de pymes. Esta app albergar\u00e1 tambi\u00e9n la oferta p\u00fablica municipal de servicios, deporte, ocio o cultura y  posibilitar\u00e1 hacer ventas y reservas online, as\u00ed como dinamizar el municipio con programas de fidelizaci\u00f3n, juegos y  mec\u00e1nicas de gamificaci\u00f3n.<\/p>   <p>El proyecto prev\u00e9, adem\u00e1s, el reparto de 17.000 bolsas de algod\u00f3n ecol\u00f3gico certificado para contribuir a eliminar el uso de las bolsas de pl\u00e1stico y as\u00ed apoyar la transici\u00f3n ecol\u00f3gica y la econom\u00eda circular. <\/p>   <p>     .c-w{         max-width:444px;         width:100%;         margin:32px auto;      background:#00755E;         border-radius:4px;         display:flex;         align-items:center;         justify-content:center;     }     .c-w a{         display:flex;         align-items:center;         justify-content:center;         padding:4px 24px;     }     .c-w img{         width:24px;         margin-right:12px;     }     .c-w p{         font:18px\/25px Poppins;         text-align:center;         color:#fff;         margin:0;     }     @media (max-width:444px){         .c-w a{             padding:4px 12px;         }         .c-w img{             width:24px;             margin-right:8px;         }         .c-w p{             font:14px\/25px Poppins;         }     }     @media (max-width:335px){         .c-w p{             font:13px\/25px Poppins;         }     }  <div class=\"c-w\">     <a href=\"https:\/\/www.whatsapp.com\/channel\/0029Va633PF9WtC4l7XUzh1e\" target=\"_blank\">         <img decoding=\"async\" src=\"https:\/\/cadenaser.com\/estaticos\/recursosgraficos\/responsive\/img\/ico-whatsapp.svg\" alt=\"Whatsapp\">         <p>\u00danete al <b>canal de WhatsApp<\/b> de la SER<\/p>     <\/a> <\/div><\/p> ","protected":false},"excerpt":{"rendered":"<p>En Beniard\u00e0, Benifato, Benimantell, Bolulla, Confrides, Guadalest, Orxeta, Relleu, Sella y T\u00e0rbena<\/p>\n","protected":false},"author":0,"featured_media":10714,"comment_status":"open","ping_status":"open","sticky":false,"template":"","format":"standard","meta":{"_acf_changed":false,"footnotes":""},"categories":[1],"tags":[],"class_list":["post-10713","post","type-post","status-publish","format-standard","has-post-thumbnail","hentry","category-sin-categoria"],"acf":{"ser_id":"GSO2FECNBJAA5FW7TVPVOBOHLU","ser_url":"https:\/\/cadenaser.com\/comunitat-valenciana\/2024\/11\/26\/asi-es-el-proyecto-y-la-app-para-potenciar-el-comercio-local-en-diez-pueblos-de-la-marina-baixa-radio-benidorm\/"},"_links":{"self":[{"href":"https:\/\/serbenidorm.daliisolutions.com\/index.php\/wp-json\/wp\/v2\/posts\/10713","targetHints":{"allow":["GET"]}}],"collection":[{"href":"https:\/\/serbenidorm.daliisolutions.com\/index.php\/wp-json\/wp\/v2\/posts"}],"about":[{"href":"https:\/\/serbenidorm.daliisolutions.com\/index.php\/wp-json\/wp\/v2\/types\/post"}],"replies":[{"embeddable":true,"href":"https:\/\/serbenidorm.daliisolutions.com\/index.php\/wp-json\/wp\/v2\/comments?post=10713"}],"version-history":[{"count":0,"href":"https:\/\/serbenidorm.daliisolutions.com\/index.php\/wp-json\/wp\/v2\/posts\/10713\/revisions"}],"wp:featuredmedia":[{"embeddable":true,"href":"https:\/\/serbenidorm.daliisolutions.com\/index.php\/wp-json\/wp\/v2\/media\/10714"}],"wp:attachment":[{"href":"https:\/\/serbenidorm.daliisolutions.com\/index.php\/wp-json\/wp\/v2\/media?parent=10713"}],"wp:term":[{"taxonomy":"category","embeddable":true,"href":"https:\/\/serbenidorm.daliisolutions.com\/index.php\/wp-json\/wp\/v2\/categories?post=10713"},{"taxonomy":"post_tag","embeddable":true,"href":"https:\/\/serbenidorm.daliisolutions.com\/index.php\/wp-json\/wp\/v2\/tags?post=10713"}],"curies":[{"name":"wp","href":"https:\/\/api.w.org\/{rel}","templated":true}]}}