{"id":10738,"date":"2024-11-27T16:57:58","date_gmt":"2024-11-27T15:57:58","guid":{"rendered":"https:\/\/serbenidorm.daliisolutions.com\/index.php\/2024\/11\/27\/benidorm-premio-pionero-verde-europeo-del-turismo-inteligente-2025\/"},"modified":"2024-11-27T16:57:58","modified_gmt":"2024-11-27T15:57:58","slug":"benidorm-premio-pionero-verde-europeo-del-turismo-inteligente-2025","status":"publish","type":"post","link":"https:\/\/serbenidorm.daliisolutions.com\/index.php\/2024\/11\/27\/benidorm-premio-pionero-verde-europeo-del-turismo-inteligente-2025\/","title":{"rendered":"Benidorm, premio Pionero Verde Europeo del Turismo Inteligente 2025"},"content":{"rendered":"  <p><\/p>   <p>Benidorm<\/p>   <p>Benidorm es el destino pionero verde del turismo inteligente 2025 de toda Europa tras conseguir este mi\u00e9rcoles el premio de la Comisi\u00f3n y <a href=\"https:\/\/cadenaser.com\/tag\/benidorm\/a\/\" target=\"_blank\">sucediendo a la localidad italiana de Grosseto<\/a>. El galard\u00f3n de la instituci\u00f3n comunitaria se ha decidido en Bruselas despu\u00e9s de una ma\u00f1ana intensa en la que la ciudad defend\u00eda su candidatura.<\/p>   <p>Hasta all\u00ed ha viajado una delegaci\u00f3n encabezada por el alcalde Toni P\u00e9rez y la directora de Visit Benidorm Leire Bilbao para convencer sobre el compromiso de la ciudad con el medio ambiente, la accesibilidad y la sostenibilidad a trav\u00e9s de su modelo vertical.<\/p>  <p><p>M\u00e1s informaci\u00f3n<\/p><figure><img loading=\"lazy\" decoding=\"async\" src=\"https:\/\/cadenaser.com\/resizer\/v2\/HOPCKDQIRBNKBIWGFHPZL2GTB4.jpg?auth=2d692d02a9b33425172aee1d48e73ff650e67bfa83eaf8a1f88f5cbfb7a23f42&amp;quality=70&amp;width=360&amp;height=202&amp;smart=true\" width=\"820\" height=\"621\" \/><\/figure><ul><li><a href=\"https:\/\/cadenaser.com\/comunitat-valenciana\/2024\/09\/24\/benidorm-entre-las-seis-ciudades-finalistas-del-premio-de-turismo-inteligente-de-la-comision-europea-radio-benidorm\/\"><span>Benidorm, entre las seis ciudades finalistas del premio de Turismo Inteligente de la Comisi\u00f3n Europea<\/span><\/a><\/li><\/ul><\/p>   <p>\u00abTodo el a\u00f1o 2025, coincidiendo con el 700 aniversario de la creaci\u00f3n de la ciudad, va a poder exhibir ese sello \u00fanico como destino referencia y pionero del turismo inteligente\u00bb, ha celebrado el primer edil antes de destacar que es un logro \u00abdentro de una hoja de ruta que ha costado tanto esfuerzo\u00bb.<\/p>   <p>Entre los rivales a los que se ha impuesto la capital tur\u00edstica de la Comunitat Valenciana: Aveiro (Portugal), Jurmala (Letonia), Liep\u00e3ja (Letonia), Nea Propontida (Grecia), Panev\u00e9zys (Lituania) y Sliven (Bulgaria).<\/p>   <p>El premio \u2018Pionero Verde Europeo del Turismo Inteligente\u2019 es el sucesor del concurso \u2018Destinos Europeos de Excelencia\u2019 que la Comisi\u00f3n Europea instaur\u00f3 en 2007 para premiar a los destinos tur\u00edsticos sostenibles emergentes y no tradicionales en Europa.<\/p>   <p>     .c-w{         max-width:444px;         width:100%;         margin:32px auto;      background:#00755E;         border-radius:4px;         display:flex;         align-items:center;         justify-content:center;     }     .c-w a{         display:flex;         align-items:center;         justify-content:center;         padding:4px 24px;     }     .c-w img{         width:24px;         margin-right:12px;     }     .c-w p{         font:18px\/25px Poppins;         text-align:center;         color:#fff;         margin:0;     }     @media (max-width:444px){         .c-w a{             padding:4px 12px;         }         .c-w img{             width:24px;             margin-right:8px;         }         .c-w p{             font:14px\/25px Poppins;         }     }     @media (max-width:335px){         .c-w p{             font:13px\/25px Poppins;         }     }  <div class=\"c-w\">     <a href=\"https:\/\/www.whatsapp.com\/channel\/0029Va633PF9WtC4l7XUzh1e\" rel=\"nofollow\" target=\"_blank\">         <img decoding=\"async\" src=\"https:\/\/cadenaser.com\/estaticos\/recursosgraficos\/responsive\/img\/ico-whatsapp.svg\" alt=\"Whatsapp\">         <p>\u00danete al <b>canal de WhatsApp<\/b> de la SER<\/p>     <\/a> <\/div><\/p> ","protected":false},"excerpt":{"rendered":"<p>La ciudad se impone al resto de destinos tras defender su candidatura ante la Comisi\u00f3n Europea en Bruselas<\/p>\n","protected":false},"author":0,"featured_media":10739,"comment_status":"open","ping_status":"open","sticky":false,"template":"","format":"standard","meta":{"_acf_changed":false,"footnotes":""},"categories":[1],"tags":[],"class_list":["post-10738","post","type-post","status-publish","format-standard","has-post-thumbnail","hentry","category-sin-categoria"],"acf":{"ser_id":"KGF6R75M3ZBIXE6J2IEYQZP5V4","ser_url":"https:\/\/cadenaser.com\/comunitat-valenciana\/2024\/11\/27\/benidorm-premio-pionero-verde-europeo-del-turismo-inteligente-2025-radio-benidorm\/"},"_links":{"self":[{"href":"https:\/\/serbenidorm.daliisolutions.com\/index.php\/wp-json\/wp\/v2\/posts\/10738","targetHints":{"allow":["GET"]}}],"collection":[{"href":"https:\/\/serbenidorm.daliisolutions.com\/index.php\/wp-json\/wp\/v2\/posts"}],"about":[{"href":"https:\/\/serbenidorm.daliisolutions.com\/index.php\/wp-json\/wp\/v2\/types\/post"}],"replies":[{"embeddable":true,"href":"https:\/\/serbenidorm.daliisolutions.com\/index.php\/wp-json\/wp\/v2\/comments?post=10738"}],"version-history":[{"count":0,"href":"https:\/\/serbenidorm.daliisolutions.com\/index.php\/wp-json\/wp\/v2\/posts\/10738\/revisions"}],"wp:featuredmedia":[{"embeddable":true,"href":"https:\/\/serbenidorm.daliisolutions.com\/index.php\/wp-json\/wp\/v2\/media\/10739"}],"wp:attachment":[{"href":"https:\/\/serbenidorm.daliisolutions.com\/index.php\/wp-json\/wp\/v2\/media?parent=10738"}],"wp:term":[{"taxonomy":"category","embeddable":true,"href":"https:\/\/serbenidorm.daliisolutions.com\/index.php\/wp-json\/wp\/v2\/categories?post=10738"},{"taxonomy":"post_tag","embeddable":true,"href":"https:\/\/serbenidorm.daliisolutions.com\/index.php\/wp-json\/wp\/v2\/tags?post=10738"}],"curies":[{"name":"wp","href":"https:\/\/api.w.org\/{rel}","templated":true}]}}