{"id":10742,"date":"2024-11-27T16:58:02","date_gmt":"2024-11-27T15:58:02","guid":{"rendered":"https:\/\/serbenidorm.daliisolutions.com\/index.php\/2024\/11\/27\/la-vila-gastronomica-organiza-una-cena-solidaria-el-dia-29-de-noviembre-a-beneficio-de-desde-valencia-para-valencia\/"},"modified":"2024-11-27T16:58:02","modified_gmt":"2024-11-27T15:58:02","slug":"la-vila-gastronomica-organiza-una-cena-solidaria-el-dia-29-de-noviembre-a-beneficio-de-desde-valencia-para-valencia","status":"publish","type":"post","link":"https:\/\/serbenidorm.daliisolutions.com\/index.php\/2024\/11\/27\/la-vila-gastronomica-organiza-una-cena-solidaria-el-dia-29-de-noviembre-a-beneficio-de-desde-valencia-para-valencia\/","title":{"rendered":"La Vila Gastron\u00f3mica organiza una cena solidaria el d\u00eda 29 de noviembre a beneficio de \u201cDesde Valencia para Valencia\u201d"},"content":{"rendered":"  <p><\/p>   <p>La Vila Joiosa<\/p>   <p>La Vila Gastron\u00f3mica se une a la iniciativa \u201cDesde Valencia para Valencia\u201d y organizar\u00e1 una cena solidaria el pr\u00f3ximo viernes, 29 de noviembre, en el restaurante Club de Tenis by El P\u00f2sit.  <\/p>   <p>La chef del restaurante El Hogar del Pescador, Marta Devesa, ha explicado en <a href=\"https:\/\/radiobenidorm.es\" rel=\"nofollow\" target=\"_blank\">Hoy por Hoy Benidorm <\/a>que esta iniciativa sirve para ayudar \u00aba esos peque\u00f1os empresarios, emprendedores y aut\u00f3nomos que lo han perdido todo por la DANA y que necesitan volver a reactivar sus negocios\u00bb. <\/p>   <p>El men\u00fa, por el que se entregar\u00e1 un donativo de 100 euros, ser\u00e1 elaborado por los cocineros de 10 restaurantes de La Vila Gastron\u00f3mica. Los restaurantes participantes son Hogar del Pescador, El P\u00f2sit, Ca Marta, Made, Casa Elordi, Cabannon, T-Class, DRoca, Kyomu y El Tr\u00e9bol. Colaborar\u00e1 tambi\u00e9n aportando dos tapas el restaurante de La Nuc\u00eda, El Xato, que recientemente ha revalidado su Estrella Michel\u00edn.<\/p>   <p>El men\u00fa est\u00e1 elaborado por productos donados por empresas vileras y de la provincia y ser\u00e1 servido tambi\u00e9n por los camareros de los restaurantes participantes, por lo que la recaudaci\u00f3n de los donativos de los men\u00fas se destinar\u00e1 \u00edntegramente a \u201cDesde Valencia para Valencia\u201d.<\/p>   <p>La cena \u201cLa Vila Gastron\u00f3mica Solidaria\u201d contar\u00e1 con la presencia de la madrina de La Vila Gastron\u00f3mica, Susi D\u00edaz, as\u00ed como de la jefa de cocina Lola Gonz\u00e1lez de un restaurante de Alfafar, devastado por la DANA.<\/p>   <p>     .c-w{         max-width:444px;         width:100%;         margin:32px auto;      background:#00755E;         border-radius:4px;         display:flex;         align-items:center;         justify-content:center;     }     .c-w a{         display:flex;         align-items:center;         justify-content:center;         padding:4px 24px;     }     .c-w img{         width:24px;         margin-right:12px;     }     .c-w p{         font:18px\/25px Poppins;         text-align:center;         color:#fff;         margin:0;     }     @media (max-width:444px){         .c-w a{             padding:4px 12px;         }         .c-w img{             width:24px;             margin-right:8px;         }         .c-w p{             font:14px\/25px Poppins;         }     }     @media (max-width:335px){         .c-w p{             font:13px\/25px Poppins;         }     }  <div class=\"c-w\">     <a href=\"https:\/\/www.whatsapp.com\/channel\/0029Va633PF9WtC4l7XUzh1e\" rel=\"nofollow\" target=\"_blank\">         <img decoding=\"async\" src=\"https:\/\/cadenaser.com\/estaticos\/recursosgraficos\/responsive\/img\/ico-whatsapp.svg\" alt=\"Whatsapp\">         <p>\u00danete al <b>canal de WhatsApp<\/b> de la SER<\/p>     <\/a> <\/div><\/p>   <p>Las reservas de los men\u00fas se pueden realizar a trav\u00e9s del tel\u00e9fono 647 52 89 94. Adem\u00e1s del donativo por el men\u00fa solidario, tambi\u00e9n se puede colaborar en la mesa 0 a trav\u00e9s de la web https:\/\/desdevalenciaparavalencia.com.<\/p>   <p>Esta iniciativa, liderada por los reconocidos cocineros valencianos Ricard Camarena, Begon\u0303a Rodrigo y Quique Dacosta y en colaboracio\u0301n con la Asociacio\u0301n Valenciana de Empresarios (AVE) a la que se han sumado de manera solidaria cocineros de reconocido prestigio de todo el mundo, tiene el objetivo de conseguir recaudar fondos que ayuden a recuperar las zonas de la provincia de Valencia devastadas por la DANA el pasado 29 de octubre. <\/p>   <p>Esta ayuda se destina con especial foco en aut\u00f3nomos, comercios y peque\u00f1as empresas que m\u00e1s lo necesiten y est\u00e9n liderados por padres y madres de familia o personas que tengan a menores a su cargo, para evitar el incremento de vulnerabilidad de los ni\u00f1os en Valencia, reactivando as\u00ed la recuperaci\u00f3n econ\u00f3mica de la zona afectada y contribuyendo a mantener el empleo.<\/p> ","protected":false},"excerpt":{"rendered":"<p>10 restaurantes de La Vila Joiosa cocinar\u00e1n un men\u00fa cuya recaudaci\u00f3n se destinar\u00e1 \u00edntegramente a ayudar a los peque\u00f1os comercios y aut\u00f3nomos afectados por la DANA <\/p>\n","protected":false},"author":0,"featured_media":10743,"comment_status":"open","ping_status":"open","sticky":false,"template":"","format":"standard","meta":{"_acf_changed":false,"footnotes":""},"categories":[1],"tags":[],"class_list":["post-10742","post","type-post","status-publish","format-standard","has-post-thumbnail","hentry","category-sin-categoria"],"acf":{"ser_id":"WVLCFEPE75DCBGBRVIIHDOO4FQ","ser_url":"https:\/\/cadenaser.com\/comunitat-valenciana\/2024\/11\/27\/la-vila-gastronomica-organiza-una-cena-solidaria-el-dia-29-de-noviembre-a-beneficio-de-desde-valencia-para-valencia-radio-benidorm\/"},"_links":{"self":[{"href":"https:\/\/serbenidorm.daliisolutions.com\/index.php\/wp-json\/wp\/v2\/posts\/10742","targetHints":{"allow":["GET"]}}],"collection":[{"href":"https:\/\/serbenidorm.daliisolutions.com\/index.php\/wp-json\/wp\/v2\/posts"}],"about":[{"href":"https:\/\/serbenidorm.daliisolutions.com\/index.php\/wp-json\/wp\/v2\/types\/post"}],"replies":[{"embeddable":true,"href":"https:\/\/serbenidorm.daliisolutions.com\/index.php\/wp-json\/wp\/v2\/comments?post=10742"}],"version-history":[{"count":0,"href":"https:\/\/serbenidorm.daliisolutions.com\/index.php\/wp-json\/wp\/v2\/posts\/10742\/revisions"}],"wp:featuredmedia":[{"embeddable":true,"href":"https:\/\/serbenidorm.daliisolutions.com\/index.php\/wp-json\/wp\/v2\/media\/10743"}],"wp:attachment":[{"href":"https:\/\/serbenidorm.daliisolutions.com\/index.php\/wp-json\/wp\/v2\/media?parent=10742"}],"wp:term":[{"taxonomy":"category","embeddable":true,"href":"https:\/\/serbenidorm.daliisolutions.com\/index.php\/wp-json\/wp\/v2\/categories?post=10742"},{"taxonomy":"post_tag","embeddable":true,"href":"https:\/\/serbenidorm.daliisolutions.com\/index.php\/wp-json\/wp\/v2\/tags?post=10742"}],"curies":[{"name":"wp","href":"https:\/\/api.w.org\/{rel}","templated":true}]}}