{"id":10758,"date":"2024-11-28T13:06:32","date_gmt":"2024-11-28T12:06:32","guid":{"rendered":"https:\/\/serbenidorm.daliisolutions.com\/index.php\/2024\/11\/28\/paron-en-seco-del-balonmano-benidorm-en-aranda\/"},"modified":"2024-11-28T13:06:32","modified_gmt":"2024-11-28T12:06:32","slug":"paron-en-seco-del-balonmano-benidorm-en-aranda","status":"publish","type":"post","link":"https:\/\/serbenidorm.daliisolutions.com\/index.php\/2024\/11\/28\/paron-en-seco-del-balonmano-benidorm-en-aranda\/","title":{"rendered":"Par\u00f3n en seco del Balonmano Benidorm en Aranda"},"content":{"rendered":"  <p><div data-adtype=\"MLDB\"><\/div><\/p>   <p>Benidorm<\/p>   <p>El Servigroup Balonmano Benidorm no sale del bache de resultados y, sobre todo, de juego que viene arrastrando en las \u00faltimas jornadas. Si primero fueron los resultados los que no acompa\u00f1aban a un equipo que, por otra parte, daba buenas sensaciones sobre el 40&#215;20; desde el pasado viernes, con aquella derrota en casa ante el Huesca, la crisis parece haberse trasladado tambi\u00e9n al juego de los de Sergio Carballeira, que este mi\u00e9rcoles tampoco dio una buena imagen en Aranda, donde acabaron cayendo por 32-24.<\/p>   <p>Y la cosa podr\u00eda haber sido, incluso, mucho peor a la vista de lo sucedido en la primera mitad, que termin\u00f3 con un paup\u00e9rrimo marcador de 15-7 que evidenciaba la superioridad de un Aranda que, como sucediera el pasado viernes en el Palau d\u2019Esports con el Huesca, no necesit\u00f3 de un balonmano brillante para superar a su rival.<\/p>   <p>Fue, en definitiva, una primera mitad para olvidar. Al mal juego y la falta de contundencia en la defensa se uni\u00f3 un d\u00e9bil ataque en el que, adem\u00e1s, se acumularon hasta tres penaltis fallados.<\/p>   <p>El partido parec\u00eda absolutamente finiquitado tras la primera media hora de juego y eso se traslad\u00f3 a una segunda mitad sopor\u00edfera, en la que el Aranda s\u00f3lo tuvo que manejar con tiento el ritmo del choque para asegurarse que el Servigroup Benidorm, que tampoco dio sensaci\u00f3n alguna de poder hacerlo, protagonizase una reacci\u00f3n que pudiera poner en peligro esos dos importantes puntos.<\/p>   <p>As\u00ed las cosas, al final del partido se lleg\u00f3 con un 32-24 que es doblemente doloroso ya que, adem\u00e1s de hundir a los de Benidorm hasta la \u00faltima posici\u00f3n de la clasificaci\u00f3n, deja muy complicado que los de Carballeira puedan, en el partido de la segunda vuelta liguera, revertir la diferencia de goles que determinar\u00eda, en caso de empate a puntos, la posici\u00f3n de cada cual al final del campeonato.<\/p>   <p>     .c-w{         max-width:444px;         width:100%;         margin:32px auto;      background:#00755E;         border-radius:4px;         display:flex;         align-items:center;         justify-content:center;     }     .c-w a{         display:flex;         align-items:center;         justify-content:center;         padding:4px 24px;     }     .c-w img{         width:24px;         margin-right:12px;     }     .c-w p{         font:18px\/25px Poppins;         text-align:center;         color:#fff;         margin:0;     }     @media (max-width:444px){         .c-w a{             padding:4px 12px;         }         .c-w img{             width:24px;             margin-right:8px;         }         .c-w p{             font:14px\/25px Poppins;         }     }     @media (max-width:335px){         .c-w p{             font:13px\/25px Poppins;         }     }  <div class=\"c-w\">     <a href=\"https:\/\/www.whatsapp.com\/channel\/0029Va633PF9WtC4l7XUzh1e\" rel=\"nofollow\" target=\"_blank\">         <img decoding=\"async\" src=\"https:\/\/cadenaser.com\/estaticos\/recursosgraficos\/responsive\/img\/ico-whatsapp.svg\" alt=\"Whatsapp\">         <p>\u00danete al <b>canal de WhatsApp<\/b> de la SER<\/p>     <\/a> <\/div><\/p> ","protected":false},"excerpt":{"rendered":"<p>El equipo de Sergio Carballeira parece sumido en una crisis de juego y es colista de la tabla<\/p>\n","protected":false},"author":0,"featured_media":10759,"comment_status":"open","ping_status":"open","sticky":false,"template":"","format":"standard","meta":{"_acf_changed":false,"footnotes":""},"categories":[16],"tags":[],"class_list":["post-10758","post","type-post","status-publish","format-standard","has-post-thumbnail","hentry","category-deportes"],"acf":{"ser_id":"HN5G2K6GP5DNLAN2QO4TSJR7C4","ser_url":"https:\/\/cadenaser.com\/comunitat-valenciana\/2024\/11\/28\/paron-en-seco-del-balonmano-benidorm-en-aranda-radio-benidorm\/"},"_links":{"self":[{"href":"https:\/\/serbenidorm.daliisolutions.com\/index.php\/wp-json\/wp\/v2\/posts\/10758","targetHints":{"allow":["GET"]}}],"collection":[{"href":"https:\/\/serbenidorm.daliisolutions.com\/index.php\/wp-json\/wp\/v2\/posts"}],"about":[{"href":"https:\/\/serbenidorm.daliisolutions.com\/index.php\/wp-json\/wp\/v2\/types\/post"}],"replies":[{"embeddable":true,"href":"https:\/\/serbenidorm.daliisolutions.com\/index.php\/wp-json\/wp\/v2\/comments?post=10758"}],"version-history":[{"count":0,"href":"https:\/\/serbenidorm.daliisolutions.com\/index.php\/wp-json\/wp\/v2\/posts\/10758\/revisions"}],"wp:featuredmedia":[{"embeddable":true,"href":"https:\/\/serbenidorm.daliisolutions.com\/index.php\/wp-json\/wp\/v2\/media\/10759"}],"wp:attachment":[{"href":"https:\/\/serbenidorm.daliisolutions.com\/index.php\/wp-json\/wp\/v2\/media?parent=10758"}],"wp:term":[{"taxonomy":"category","embeddable":true,"href":"https:\/\/serbenidorm.daliisolutions.com\/index.php\/wp-json\/wp\/v2\/categories?post=10758"},{"taxonomy":"post_tag","embeddable":true,"href":"https:\/\/serbenidorm.daliisolutions.com\/index.php\/wp-json\/wp\/v2\/tags?post=10758"}],"curies":[{"name":"wp","href":"https:\/\/api.w.org\/{rel}","templated":true}]}}