{"id":10761,"date":"2024-11-28T14:46:46","date_gmt":"2024-11-28T13:46:46","guid":{"rendered":"https:\/\/serbenidorm.daliisolutions.com\/index.php\/2024\/11\/28\/los-bonos-consumo-vuelven-a-benidorm-con-un-cambio-importante\/"},"modified":"2024-11-28T14:46:46","modified_gmt":"2024-11-28T13:46:46","slug":"los-bonos-consumo-vuelven-a-benidorm-con-un-cambio-importante","status":"publish","type":"post","link":"https:\/\/serbenidorm.daliisolutions.com\/index.php\/2024\/11\/28\/los-bonos-consumo-vuelven-a-benidorm-con-un-cambio-importante\/","title":{"rendered":"Los bonos consumo vuelven a Benidorm con un cambio importante"},"content":{"rendered":"  <p><div data-adtype=\"MLDB\"><\/div><\/p>   <p>Benidorm<\/p>   <p>Con la misma din\u00e1mica que en las cuatro anteriores ediciones, la campa\u00f1a navide\u00f1a del bono consumo s\u00ed presentar\u00e1 esta navidad en Benidorm una importante novedad: <a href=\"https:\/\/cadenaser.com\/tag\/benidorm\/a\/\" target=\"_blank\">uno de los cinco bonos que cada vecino puede obtener no se podr\u00e1 canjear y el Ayuntamiento derivar\u00e1 su importe a las poblaciones valencianas afectadas por la DANA<\/a>.<\/p>   <p>As\u00ed, cada empadronado en la capital tur\u00edstica a fecha 31 de octubre y que tenga cumplidos los 18 a\u00f1os antes del \u00faltimo d\u00eda, podr\u00e1 conseguir cuatro descuentos de diez euros por cada veinte de consumo en los negocios locales adheridos a esta campa\u00f1a activa del 16 al 31 de diciembre.<\/p>  <p><p>M\u00e1s informaci\u00f3n<\/p><figure><img loading=\"lazy\" decoding=\"async\" src=\"https:\/\/cadenaser.com\/resizer\/v2\/C2C6MA5M2VHY7CVMWQTRDAUNHU.jpg?auth=c27f3d205af3a4764c4eb768c3abcbf82257b871a368804ccc41c406bd51d88c&amp;quality=70&amp;width=360&amp;height=202&amp;smart=true\" width=\"820\" height=\"621\" \/><\/figure><ul><li><a href=\"https:\/\/cadenaser.com\/comunitat-valenciana\/2024\/11\/27\/benidorm-premio-pionero-verde-europeo-del-turismo-inteligente-2025-radio-benidorm\/\"><span>Benidorm, premio Pionero Verde Europeo del Turismo Inteligente 2025<\/span><\/a><\/li><\/ul><\/p>   <p>Seg\u00fan los datos aportados en la presentaci\u00f3n por el alcalde, Toni P\u00e9rez, la iniciativa tiene un total de 68.384 beneficiarios potenciales y tiene una cuant\u00eda total de 2.564.000 euros de los que aproximadamente 645.000 son aportados por la Diputaci\u00f3n y hasta 1.918.000 euros corresponden a fondos municipales presupuestados en este ejercicio.<\/p>   <p>\u00bfC\u00f3mo conseguir los bonos?<\/p>   <p>Los bonos se descargar\u00e1n, como siempre, en la web del #<i>BenidormTeDaM\u00e1s<\/i> y llegar\u00e1n al correo electr\u00f3nico o a la aplicaci\u00f3n m\u00f3vil BuyBono. Tambi\u00e9n habr\u00e1 atenci\u00f3n presencial todas las ma\u00f1anas, de lunes a viernes y mientras la campa\u00f1a est\u00e9 en marcha, en el sal\u00f3n de actos del Ayuntamiento.<\/p>   <p>Los negocios que quieran participar se pueden adherir a partir del 2 de diciembre y preguntado por alguna incidencias registradas en estos establecimientos en ediciones anteriores, el primer edil ha referido que han sido m\u00ednimas y el consistorio las ha ido subsanando a trav\u00e9s de sus v\u00edas de atenci\u00f3n.<\/p>   <p>     .c-w{         max-width:444px;         width:100%;         margin:32px auto;      background:#00755E;         border-radius:4px;         display:flex;         align-items:center;         justify-content:center;     }     .c-w a{         display:flex;         align-items:center;         justify-content:center;         padding:4px 24px;     }     .c-w img{         width:24px;         margin-right:12px;     }     .c-w p{         font:18px\/25px Poppins;         text-align:center;         color:#fff;         margin:0;     }     @media (max-width:444px){         .c-w a{             padding:4px 12px;         }         .c-w img{             width:24px;             margin-right:8px;         }         .c-w p{             font:14px\/25px Poppins;         }     }     @media (max-width:335px){         .c-w p{             font:13px\/25px Poppins;         }     }  <div class=\"c-w\">     <a href=\"https:\/\/www.whatsapp.com\/channel\/0029Va633PF9WtC4l7XUzh1e\" rel=\"nofollow\" target=\"_blank\">         <img decoding=\"async\" src=\"https:\/\/cadenaser.com\/estaticos\/recursosgraficos\/responsive\/img\/ico-whatsapp.svg\" alt=\"Whatsapp\">         <p>\u00danete al <b>canal de WhatsApp<\/b> de la SER<\/p>     <\/a> <\/div><\/p>   <p>Respecto al futuro de los bonos, Toni P\u00e9rez ha se\u00f1alado que \u00abmientras la situaci\u00f3n econ\u00f3mica permita esta inyecci\u00f3n fundamental en los hogares la haremos\u00bb.<\/p> ","protected":false},"excerpt":{"rendered":"<p>Campa\u00f1a del 16 al 31 de diciembre<\/p>\n","protected":false},"author":0,"featured_media":10762,"comment_status":"open","ping_status":"open","sticky":false,"template":"","format":"standard","meta":{"_acf_changed":false,"footnotes":""},"categories":[1],"tags":[],"class_list":["post-10761","post","type-post","status-publish","format-standard","has-post-thumbnail","hentry","category-sin-categoria"],"acf":{"ser_id":"6RZJRK43KFA4FDOGIAVXDTBZVA","ser_url":"https:\/\/cadenaser.com\/comunitat-valenciana\/2024\/11\/28\/los-bonos-consumo-vuelven-a-benidorm-con-un-importante-cambio-radio-benidorm\/"},"_links":{"self":[{"href":"https:\/\/serbenidorm.daliisolutions.com\/index.php\/wp-json\/wp\/v2\/posts\/10761","targetHints":{"allow":["GET"]}}],"collection":[{"href":"https:\/\/serbenidorm.daliisolutions.com\/index.php\/wp-json\/wp\/v2\/posts"}],"about":[{"href":"https:\/\/serbenidorm.daliisolutions.com\/index.php\/wp-json\/wp\/v2\/types\/post"}],"replies":[{"embeddable":true,"href":"https:\/\/serbenidorm.daliisolutions.com\/index.php\/wp-json\/wp\/v2\/comments?post=10761"}],"version-history":[{"count":0,"href":"https:\/\/serbenidorm.daliisolutions.com\/index.php\/wp-json\/wp\/v2\/posts\/10761\/revisions"}],"wp:featuredmedia":[{"embeddable":true,"href":"https:\/\/serbenidorm.daliisolutions.com\/index.php\/wp-json\/wp\/v2\/media\/10762"}],"wp:attachment":[{"href":"https:\/\/serbenidorm.daliisolutions.com\/index.php\/wp-json\/wp\/v2\/media?parent=10761"}],"wp:term":[{"taxonomy":"category","embeddable":true,"href":"https:\/\/serbenidorm.daliisolutions.com\/index.php\/wp-json\/wp\/v2\/categories?post=10761"},{"taxonomy":"post_tag","embeddable":true,"href":"https:\/\/serbenidorm.daliisolutions.com\/index.php\/wp-json\/wp\/v2\/tags?post=10761"}],"curies":[{"name":"wp","href":"https:\/\/api.w.org\/{rel}","templated":true}]}}