{"id":10763,"date":"2024-11-28T14:46:46","date_gmt":"2024-11-28T13:46:46","guid":{"rendered":"https:\/\/serbenidorm.daliisolutions.com\/index.php\/2024\/11\/28\/localizadas-73-personas-en-tres-pateras-en-la-costa-de-alicante\/"},"modified":"2024-11-28T14:46:46","modified_gmt":"2024-11-28T13:46:46","slug":"localizadas-73-personas-en-tres-pateras-en-la-costa-de-alicante","status":"publish","type":"post","link":"https:\/\/serbenidorm.daliisolutions.com\/index.php\/2024\/11\/28\/localizadas-73-personas-en-tres-pateras-en-la-costa-de-alicante\/","title":{"rendered":"Localizadas 73  personas en tres pateras en la costa de Alicante"},"content":{"rendered":"  <p><div data-adtype=\"MLDB\"><\/div><\/p>   <p>Alicante<\/p>   <p>Salvamento Mar\u00edtimo ha interceptado este jueves tres pateras en la costa de Alicante, con 73 personas a bordo.<\/p>   <p><p>M\u00e1s informaci\u00f3n<\/p><ul><li><a href=\"https:\/\/cadenaser.com\/comunitat-valenciana\/2024\/09\/04\/tres-pateras-llegan-a-las-costas-de-alicante-en-las-ultimas-24-horas-radio-alicante\/\"><span>Tres pateras llegan a las costas de Alicante en las \u00faltimas 24 horas<\/span><\/a><\/li><\/ul><\/p>   <p>En concreto, a las 04.01 horas de la madrugada Salvamento Mar\u00edtimo ha interceptado con la Salvamar Leo una embarcaci\u00f3n precaria con 13 personas a bordo en la costa de Santa Pola, todas magreb\u00edes. La patera hab\u00eda sido localizada por un avi\u00f3n franc\u00e9s de Frontex a 96 millas n\u00e1uticas de Alicante.<\/p>   <p>Por otro lado, a 4,8 millas del sureste de la punta de la Escaleta, en Benidorm, se localizaba otra embarcaci\u00f3n tipo pesquero con 47 personas a bordo. Y a 3&#8217;5 millas de este punto se produc\u00eda un nuevo rescate, con 13 personas a bordo; entre ellas un menor, 44 hombres y dos mujeres.<\/p>   <p>Entre los rescatados hab\u00eda una persona reci\u00e9n operada, por lo que ha sido necesario activar un helic\u00f3ptero medicalizado.<\/p>   <p>Todas estas personas han sido trasladadas al Puerto de Alicante, donde se les est\u00e1 practicando un reconocimiento para determinar su estado de salud.<\/p>   <p>     .c-w{         max-width:444px;         width:100%;         margin:32px auto;      background:#00755E;         border-radius:4px;         display:flex;         align-items:center;         justify-content:center;     }     .c-w a{         display:flex;         align-items:center;         justify-content:center;         padding:4px 24px;     }     .c-w img{         width:24px;         margin-right:12px;     }     .c-w p{         font:18px\/25px Poppins;         text-align:center;         color:#fff;         margin:0;     }     @media (max-width:444px){         .c-w a{             padding:4px 12px;         }         .c-w img{             width:24px;             margin-right:8px;         }         .c-w p{             font:14px\/25px Poppins;         }     }     @media (max-width:335px){         .c-w p{             font:13px\/25px Poppins;         }     }  <div class=\"c-w\">     <a href=\"https:\/\/www.whatsapp.com\/channel\/0029Va633PF9WtC4l7XUzh1e\" rel=\"nofollow\" target=\"_blank\">         <img decoding=\"async\" src=\"https:\/\/cadenaser.com\/estaticos\/recursosgraficos\/responsive\/img\/ico-whatsapp.svg\" alt=\"Whatsapp\">         <p>\u00danete al <b>canal de WhatsApp<\/b> de la SER<\/p>     <\/a> <\/div><\/p> ","protected":false},"excerpt":{"rendered":"<p>Todas han sido trasladadas al Puerto de Alicante, para reconocerlos y determinar su estado de salud<\/p>\n","protected":false},"author":0,"featured_media":10764,"comment_status":"open","ping_status":"open","sticky":false,"template":"","format":"standard","meta":{"_acf_changed":false,"footnotes":""},"categories":[1],"tags":[],"class_list":["post-10763","post","type-post","status-publish","format-standard","has-post-thumbnail","hentry","category-sin-categoria"],"acf":{"ser_id":"ZDRVV3AOUZC67OARDZXLDPCDDA","ser_url":"https:\/\/cadenaser.com\/comunitat-valenciana\/2024\/11\/28\/localizadas-73-personas-en-tres-pateras-en-la-costa-de-alicante-radio-alicante\/"},"_links":{"self":[{"href":"https:\/\/serbenidorm.daliisolutions.com\/index.php\/wp-json\/wp\/v2\/posts\/10763","targetHints":{"allow":["GET"]}}],"collection":[{"href":"https:\/\/serbenidorm.daliisolutions.com\/index.php\/wp-json\/wp\/v2\/posts"}],"about":[{"href":"https:\/\/serbenidorm.daliisolutions.com\/index.php\/wp-json\/wp\/v2\/types\/post"}],"replies":[{"embeddable":true,"href":"https:\/\/serbenidorm.daliisolutions.com\/index.php\/wp-json\/wp\/v2\/comments?post=10763"}],"version-history":[{"count":0,"href":"https:\/\/serbenidorm.daliisolutions.com\/index.php\/wp-json\/wp\/v2\/posts\/10763\/revisions"}],"wp:featuredmedia":[{"embeddable":true,"href":"https:\/\/serbenidorm.daliisolutions.com\/index.php\/wp-json\/wp\/v2\/media\/10764"}],"wp:attachment":[{"href":"https:\/\/serbenidorm.daliisolutions.com\/index.php\/wp-json\/wp\/v2\/media?parent=10763"}],"wp:term":[{"taxonomy":"category","embeddable":true,"href":"https:\/\/serbenidorm.daliisolutions.com\/index.php\/wp-json\/wp\/v2\/categories?post=10763"},{"taxonomy":"post_tag","embeddable":true,"href":"https:\/\/serbenidorm.daliisolutions.com\/index.php\/wp-json\/wp\/v2\/tags?post=10763"}],"curies":[{"name":"wp","href":"https:\/\/api.w.org\/{rel}","templated":true}]}}