{"id":10782,"date":"2024-11-28T17:53:59","date_gmt":"2024-11-28T16:53:59","guid":{"rendered":"https:\/\/serbenidorm.daliisolutions.com\/index.php\/2024\/11\/28\/un-accidente-de-trafico-en-la-salida-de-benidorm-a-la-autovia-deja-dos-heridos\/"},"modified":"2024-11-28T17:53:59","modified_gmt":"2024-11-28T16:53:59","slug":"un-accidente-de-trafico-en-la-salida-de-benidorm-a-la-autovia-deja-dos-heridos","status":"publish","type":"post","link":"https:\/\/serbenidorm.daliisolutions.com\/index.php\/2024\/11\/28\/un-accidente-de-trafico-en-la-salida-de-benidorm-a-la-autovia-deja-dos-heridos\/","title":{"rendered":"Un accidente de tr\u00e1fico en la salida de Benidorm a la autov\u00eda deja dos heridos"},"content":{"rendered":"  <p><div data-adtype=\"MLDB\"><\/div><\/p>   <p>Benidorm<\/p>   <p>Un accidente en la salida de Benidorm a la autov\u00eda por Levante ha marcado el tr\u00e1fico en la zona este jueves a mediod\u00eda. El suceso ha ocurrido, en concreto, en el <a href=\"https:\/\/cadenaser.com\/tag\/benidorm\/a\/\" target=\"_blank\">kil\u00f3metro 648 de la AP-7<\/a> seg\u00fan han informado fuentes del Consorcio Provincial de Bomberos de Alicante (CPBA).<\/p>   <p>Los dos pasajeros de uno de los dos veh\u00edculos implicados han quedado atrapados por lo que ha sido necesario el rescate de los efectivos de bomberos en una operaci\u00f3n que ha durado casi una hora hasta que ha sido posible poner a los accidentados  en manos de los servicios sanitarios. <\/p>   <p>Ambos han resultado heridos de diversa consideraci\u00f3n y en el dispositivo han participado tres dotaciones del parque de la capital tur\u00edstica.<\/p> ","protected":false},"excerpt":{"rendered":"<p>Han quedado atrapados en el veh\u00edculo<\/p>\n","protected":false},"author":0,"featured_media":10783,"comment_status":"open","ping_status":"open","sticky":false,"template":"","format":"standard","meta":{"_acf_changed":false,"footnotes":""},"categories":[1],"tags":[],"class_list":["post-10782","post","type-post","status-publish","format-standard","has-post-thumbnail","hentry","category-sin-categoria"],"acf":{"ser_id":"OBBSDNXWTZEWRJ2SBYMQ7Q6JMY","ser_url":"https:\/\/cadenaser.com\/comunitat-valenciana\/2024\/11\/28\/un-accidente-de-trafico-en-la-salida-de-benidorm-a-la-autovia-deja-dos-heridos-radio-benidorm\/"},"_links":{"self":[{"href":"https:\/\/serbenidorm.daliisolutions.com\/index.php\/wp-json\/wp\/v2\/posts\/10782","targetHints":{"allow":["GET"]}}],"collection":[{"href":"https:\/\/serbenidorm.daliisolutions.com\/index.php\/wp-json\/wp\/v2\/posts"}],"about":[{"href":"https:\/\/serbenidorm.daliisolutions.com\/index.php\/wp-json\/wp\/v2\/types\/post"}],"replies":[{"embeddable":true,"href":"https:\/\/serbenidorm.daliisolutions.com\/index.php\/wp-json\/wp\/v2\/comments?post=10782"}],"version-history":[{"count":0,"href":"https:\/\/serbenidorm.daliisolutions.com\/index.php\/wp-json\/wp\/v2\/posts\/10782\/revisions"}],"wp:featuredmedia":[{"embeddable":true,"href":"https:\/\/serbenidorm.daliisolutions.com\/index.php\/wp-json\/wp\/v2\/media\/10783"}],"wp:attachment":[{"href":"https:\/\/serbenidorm.daliisolutions.com\/index.php\/wp-json\/wp\/v2\/media?parent=10782"}],"wp:term":[{"taxonomy":"category","embeddable":true,"href":"https:\/\/serbenidorm.daliisolutions.com\/index.php\/wp-json\/wp\/v2\/categories?post=10782"},{"taxonomy":"post_tag","embeddable":true,"href":"https:\/\/serbenidorm.daliisolutions.com\/index.php\/wp-json\/wp\/v2\/tags?post=10782"}],"curies":[{"name":"wp","href":"https:\/\/api.w.org\/{rel}","templated":true}]}}