{"id":10801,"date":"2024-11-29T14:12:06","date_gmt":"2024-11-29T13:12:06","guid":{"rendered":"https:\/\/serbenidorm.daliisolutions.com\/index.php\/2024\/11\/29\/finestrat-dedica-este-sabado-el-parque-de-la-font-de-carre-al-exalcalde-miguel-llorca-importan-las-personas-no-las-ideologias\/"},"modified":"2024-11-29T14:12:06","modified_gmt":"2024-11-29T13:12:06","slug":"finestrat-dedica-este-sabado-el-parque-de-la-font-de-carre-al-exalcalde-miguel-llorca-importan-las-personas-no-las-ideologias","status":"publish","type":"post","link":"https:\/\/serbenidorm.daliisolutions.com\/index.php\/2024\/11\/29\/finestrat-dedica-este-sabado-el-parque-de-la-font-de-carre-al-exalcalde-miguel-llorca-importan-las-personas-no-las-ideologias\/","title":{"rendered":"Finestrat dedica este s\u00e1bado el parque de la Font de Carr\u00e8 al exalcalde Miguel Llorca: \u00abImportan las personas, no las ideolog\u00edas\u00bb"},"content":{"rendered":"  <p><div data-adtype=\"MLDB\"><\/div><\/p>   <p>Finestrat<\/p>   <p>Este s\u00e1bado a mediod\u00eda se celebrar\u00e1 el acto de reconocimiento a quien fuera alcalde de Finestrat durante 26 a\u00f1os: Jos\u00e9 Miguel Llorca Llinares. El parque conocido com\u00fanmente como La Font de Carr\u00e8 llevar\u00e1 a partir de ahora el nombre del hist\u00f3rico regidor socialista. <\/p>   <p>En palabras del actual alcalde, el popular Juanfran P\u00e9rez Llorca, \u201ceste gesto es merecido y de justicia porque durante m\u00e1s de 25 a\u00f1os Miguel Llorca se dedic\u00f3 al servicio p\u00fablico. Es un acto de gratitud porque el pueblo de Finestrat tenemos que agradecer sus a\u00f1os de mandato que, en l\u00edneas generales, fueron buenos para el municipio.\u201d <\/p>   <p><a href=\"https:\/\/cadenaser.com\/tag\/finestrat\/a\/\" target=\"_blank\">\u201cTambi\u00e9n es un d\u00eda en el que vamos a demostrar que las siglas y las ideolog\u00edas no importan. Lo que importa son las personas. Aunque seamos de partidos diferentes\u201d<\/a>, a\u00f1adi\u00f3, \u201cpara m\u00ed es muy emotivo este reconocimiento. Y creo que vale la pena que todos nos acompa\u00f1\u00e9is ese d\u00eda\u201d, concluy\u00f3.<\/p>   <p>Miguel Llorca<\/p>   <p>Nacido en Finestrat en 1941. Fue alcalde de Finestrat por el PSPV-PSOE durante seis legislaturas (1981-2007). Entre los hitos de su mandato, mejorar las comunicaciones con la apertura de la carretera de La Cala, lo que permit\u00eda comunicar La Cala de Finestrat con el n\u00facleo urbano en pocos minutos, evitando la antigua carretera de Benidorm. <\/p>  <p><p>M\u00e1s informaci\u00f3n<\/p><figure><img loading=\"lazy\" decoding=\"async\" src=\"https:\/\/cadenaser.com\/resizer\/v2\/MM35BH7NT5HIVEDOIGXABEQFR4.jpeg?auth=fbb79e59ce2d116205fdfd52898e5a4730f93ec27023a941f59bdfa8320e0225&amp;quality=70&amp;width=360&amp;height=202&amp;smart=true\" width=\"820\" height=\"621\" \/><\/figure><ul><li><a href=\"https:\/\/cadenaser.com\/comunitat-valenciana\/2024\/11\/26\/las-policias-locales-de-la-marina-baixa-recogen-juguetes-para-los-ninos-afectados-por-la-dana-radio-benidorm\/\"><span>Las polic\u00edas locales de la Marina Baixa recogen juguetes para los ni\u00f1os afectados por la DANA<\/span><\/a><\/li><\/ul><\/p>   <p>Esta apertura permiti\u00f3, tambi\u00e9n, el asentamiento de las primeras grandes marcas como fue Continente, hoy Carrefour, en 1989 e inicio del primer pol\u00edgono industrial de Finestrat, origen del bulevar comercial que existe a d\u00eda de hoy.<\/p>   <p>     .c-w{         max-width:444px;         width:100%;         margin:32px auto;      background:#00755E;         border-radius:4px;         display:flex;         align-items:center;         justify-content:center;     }     .c-w a{         display:flex;         align-items:center;         justify-content:center;         padding:4px 24px;     }     .c-w img{         width:24px;         margin-right:12px;     }     .c-w p{         font:18px\/25px Poppins;         text-align:center;         color:#fff;         margin:0;     }     @media (max-width:444px){         .c-w a{             padding:4px 12px;         }         .c-w img{             width:24px;             margin-right:8px;         }         .c-w p{             font:14px\/25px Poppins;         }     }     @media (max-width:335px){         .c-w p{             font:13px\/25px Poppins;         }     }  <div class=\"c-w\">     <a href=\"https:\/\/www.whatsapp.com\/channel\/0029Va633PF9WtC4l7XUzh1e\" rel=\"nofollow\" target=\"_blank\">         <img decoding=\"async\" src=\"https:\/\/cadenaser.com\/estaticos\/recursosgraficos\/responsive\/img\/ico-whatsapp.svg\" alt=\"Whatsapp\">         <p>\u00danete al <b>canal de WhatsApp<\/b> de la SER<\/p>     <\/a> <\/div><\/p>   <p>El parque que llevar\u00e1 su nombre se encuentra entre la Avenida de Hortetes y la calle de la Font de Carr\u00e8. Su origen data de principios de la d\u00e9cada de los 90. Es un pulm\u00f3n verde de m\u00e1s de mil metros cuadrados de superficie con m\u00e1s de 100 especies diferentes de vegetaci\u00f3n mediterr\u00e1nea.<\/p> ","protected":false},"excerpt":{"rendered":"<p>Llorca fue primer edil de la localidad durante m\u00e1s de un cuarto de siglo<\/p>\n","protected":false},"author":0,"featured_media":10802,"comment_status":"open","ping_status":"open","sticky":false,"template":"","format":"standard","meta":{"_acf_changed":false,"footnotes":""},"categories":[1],"tags":[],"class_list":["post-10801","post","type-post","status-publish","format-standard","has-post-thumbnail","hentry","category-sin-categoria"],"acf":{"ser_id":"HAT5TOZ7WZES7CREGPUTAKMJX4","ser_url":"https:\/\/cadenaser.com\/comunitat-valenciana\/2024\/11\/29\/finestrat-dedica-este-sabado-el-parque-de-la-font-de-carre-al-exalcalde-miguel-llorca-importan-las-personas-no-las-ideologias-radio-benidorm\/"},"_links":{"self":[{"href":"https:\/\/serbenidorm.daliisolutions.com\/index.php\/wp-json\/wp\/v2\/posts\/10801","targetHints":{"allow":["GET"]}}],"collection":[{"href":"https:\/\/serbenidorm.daliisolutions.com\/index.php\/wp-json\/wp\/v2\/posts"}],"about":[{"href":"https:\/\/serbenidorm.daliisolutions.com\/index.php\/wp-json\/wp\/v2\/types\/post"}],"replies":[{"embeddable":true,"href":"https:\/\/serbenidorm.daliisolutions.com\/index.php\/wp-json\/wp\/v2\/comments?post=10801"}],"version-history":[{"count":0,"href":"https:\/\/serbenidorm.daliisolutions.com\/index.php\/wp-json\/wp\/v2\/posts\/10801\/revisions"}],"wp:featuredmedia":[{"embeddable":true,"href":"https:\/\/serbenidorm.daliisolutions.com\/index.php\/wp-json\/wp\/v2\/media\/10802"}],"wp:attachment":[{"href":"https:\/\/serbenidorm.daliisolutions.com\/index.php\/wp-json\/wp\/v2\/media?parent=10801"}],"wp:term":[{"taxonomy":"category","embeddable":true,"href":"https:\/\/serbenidorm.daliisolutions.com\/index.php\/wp-json\/wp\/v2\/categories?post=10801"},{"taxonomy":"post_tag","embeddable":true,"href":"https:\/\/serbenidorm.daliisolutions.com\/index.php\/wp-json\/wp\/v2\/tags?post=10801"}],"curies":[{"name":"wp","href":"https:\/\/api.w.org\/{rel}","templated":true}]}}