{"id":10803,"date":"2024-11-29T14:12:07","date_gmt":"2024-11-29T13:12:07","guid":{"rendered":"https:\/\/serbenidorm.daliisolutions.com\/index.php\/2024\/11\/29\/desde-el-1-de-diciembre-en-tram-dalacant-fgv-limita-el-acceso-de-patinetes-electricos-y-bicicletas\/"},"modified":"2024-11-29T14:12:07","modified_gmt":"2024-11-29T13:12:07","slug":"desde-el-1-de-diciembre-en-tram-dalacant-fgv-limita-el-acceso-de-patinetes-electricos-y-bicicletas","status":"publish","type":"post","link":"https:\/\/serbenidorm.daliisolutions.com\/index.php\/2024\/11\/29\/desde-el-1-de-diciembre-en-tram-dalacant-fgv-limita-el-acceso-de-patinetes-electricos-y-bicicletas\/","title":{"rendered":"Desde el 1 de diciembre en TRAM d\u00b4Alacant: FGV limita el acceso de patinetes el\u00e9ctricos y bicicletas"},"content":{"rendered":"  <p><div data-adtype=\"MLDB\"><\/div><\/p>   <p>Alicante<\/p>   <p>Ferrocarrils de la Generalitat Valenciana (FGV) limitar\u00e1 el acceso a dos patinetes el\u00e9ctricos y dos bicicletas por tranv\u00eda o tren a partir del pr\u00f3ximo 1 de diciembre en TRAM d\u2019Alacant. Estos dispositivos tendr\u00e1n, adem\u00e1s, que ubicarse obligatoriamente en el \u00faltimo coche de las unidades.<\/p>   <p>Esta decisi\u00f3n, aprobada en el Consejo de Administraci\u00f3n de la empresa p\u00fablica, se ha adoptado despu\u00e9s de valorar las implicaciones en la intermodalidad de los usuarios ante la evidencia de que el transporte de bicicletas y patinetes el\u00e9ctricos est\u00e1 causando \u00abuna serie de afecciones relativas a operaciones, transporte, seguridad y a la convivencia entre los usuarios que est\u00e1n ocasionando un gran n\u00famero de reclamaciones ante la aglomeraci\u00f3n de los Veh\u00edculos de Movilidad Personal (VMP) y bicicletas en las estaciones y unidades\u00bb, ha explicado FGV.<\/p>   <p>La restricci\u00f3n a dos patinetes el\u00e9ctricos y bicicletas se podr\u00e1 modificar a criterio del personal de FGV en funci\u00f3n de la ocupaci\u00f3n real del veh\u00edculo o de otras circunstancias que as\u00ed lo requieran.<\/p>   <p>Plegados<\/p>   <p>Adem\u00e1s, los patinetes el\u00e9ctricos y las bicicletas ir\u00e1n siempre plegados desde el acceso a las instalaciones y sus portadores se responsabilizar\u00e1n de no causar molestias al resto del pasaje ni da\u00f1os en los veh\u00edculos o las instalaciones. Asimismo, deber\u00e1n permanecer de pie junto a ellos en los espacios vac\u00edos de trenes y tranv\u00edas. En ning\u00fan caso se podr\u00e1 obstaculizar el acceso de maquinistas a las cabinas de conducci\u00f3n.<\/p>   <p>En Hogueras se pueden prohibir<\/p>   <p>A su vez, est\u00e1 prohibido el acceso a los ascensores con bicicletas o patinetes el\u00e9ctricos y durante la celebraci\u00f3n de <a href=\"https:\/\/cadenaser.com\/comunitat-valenciana\/2023\/12\/19\/usuarios-y-empleados-reclaman-mas-vagones-y-maquinistas-ante-el-hacinamiento-en-el-tram-de-alicante-radio-alicante\/\" target=\"_blank\">determinados eventos de gran demanda<\/a>, como pueden ser Hogueras, se podr\u00e1 prohibir el acceso con bicicletas y patinetes el\u00e9ctricos en toda la red o en determinadas zonas, tal y como sucede ya en la actualidad.<\/p>   <p>     .c-w{         max-width:444px;         width:100%;         margin:32px auto;      background:#00755E;         border-radius:4px;         display:flex;         align-items:center;         justify-content:center;     }     .c-w a{         display:flex;         align-items:center;         justify-content:center;         padding:4px 24px;     }     .c-w img{         width:24px;         margin-right:12px;     }     .c-w p{         font:18px\/25px Poppins;         text-align:center;         color:#fff;         margin:0;     }     @media (max-width:444px){         .c-w a{             padding:4px 12px;         }         .c-w img{             width:24px;             margin-right:8px;         }         .c-w p{             font:14px\/25px Poppins;         }     }     @media (max-width:335px){         .c-w p{             font:13px\/25px Poppins;         }     }  <div class=\"c-w\">     <a href=\"https:\/\/www.whatsapp.com\/channel\/0029Va633PF9WtC4l7XUzh1e\" rel=\"nofollow\" target=\"_blank\">         <img decoding=\"async\" src=\"https:\/\/cadenaser.com\/estaticos\/recursosgraficos\/responsive\/img\/ico-whatsapp.svg\" alt=\"Whatsapp\">         <p>\u00danete al <b>canal de WhatsApp<\/b> de la SER<\/p>     <\/a> <\/div><\/p> ","protected":false},"excerpt":{"rendered":"<p>Estos veh\u00edculos, plegados, deber\u00e1n situarse obligatoriamente en el \u00faltimo coche de las unidades y se limita a dos patinetes y dos bicicletas<\/p>\n","protected":false},"author":0,"featured_media":10804,"comment_status":"open","ping_status":"open","sticky":false,"template":"","format":"standard","meta":{"_acf_changed":false,"footnotes":""},"categories":[1],"tags":[],"class_list":["post-10803","post","type-post","status-publish","format-standard","has-post-thumbnail","hentry","category-sin-categoria"],"acf":{"ser_id":"UTOXLCIFWFG4FOFD5XZENVNNHM","ser_url":"https:\/\/cadenaser.com\/comunitat-valenciana\/2024\/11\/28\/desde-el-1-de-diciembre-en-tram-dalacant-fgv-limita-el-acceso-de-patinetes-electricos-y-bicicletas-radio-alicante\/"},"_links":{"self":[{"href":"https:\/\/serbenidorm.daliisolutions.com\/index.php\/wp-json\/wp\/v2\/posts\/10803","targetHints":{"allow":["GET"]}}],"collection":[{"href":"https:\/\/serbenidorm.daliisolutions.com\/index.php\/wp-json\/wp\/v2\/posts"}],"about":[{"href":"https:\/\/serbenidorm.daliisolutions.com\/index.php\/wp-json\/wp\/v2\/types\/post"}],"replies":[{"embeddable":true,"href":"https:\/\/serbenidorm.daliisolutions.com\/index.php\/wp-json\/wp\/v2\/comments?post=10803"}],"version-history":[{"count":0,"href":"https:\/\/serbenidorm.daliisolutions.com\/index.php\/wp-json\/wp\/v2\/posts\/10803\/revisions"}],"wp:featuredmedia":[{"embeddable":true,"href":"https:\/\/serbenidorm.daliisolutions.com\/index.php\/wp-json\/wp\/v2\/media\/10804"}],"wp:attachment":[{"href":"https:\/\/serbenidorm.daliisolutions.com\/index.php\/wp-json\/wp\/v2\/media?parent=10803"}],"wp:term":[{"taxonomy":"category","embeddable":true,"href":"https:\/\/serbenidorm.daliisolutions.com\/index.php\/wp-json\/wp\/v2\/categories?post=10803"},{"taxonomy":"post_tag","embeddable":true,"href":"https:\/\/serbenidorm.daliisolutions.com\/index.php\/wp-json\/wp\/v2\/tags?post=10803"}],"curies":[{"name":"wp","href":"https:\/\/api.w.org\/{rel}","templated":true}]}}