{"id":1081,"date":"2024-01-03T14:21:13","date_gmt":"2024-01-03T13:21:13","guid":{"rendered":"https:\/\/serbenidorm.daliisolutions.com\/index.php\/2024\/01\/03\/el-paro-bajo-en-benidorm-en-729-personas-durante-2023\/"},"modified":"2024-01-03T14:21:13","modified_gmt":"2024-01-03T13:21:13","slug":"el-paro-bajo-en-benidorm-en-729-personas-durante-2023","status":"publish","type":"post","link":"https:\/\/serbenidorm.daliisolutions.com\/index.php\/2024\/01\/03\/el-paro-bajo-en-benidorm-en-729-personas-durante-2023\/","title":{"rendered":"El paro baj\u00f3 en Benidorm en 729 personas durante 2023"},"content":{"rendered":"  <p>Benidorm<\/p>   <p>La recuperaci\u00f3n definitiva de la actividad tur\u00edstica tras la pandemia que han dejado patentes todos los sectores implicados en esta industria durante las \u00faltimas temporadas tambi\u00e9n se traduce en un aumento de la poblaci\u00f3n empleada. <a href=\"https:\/\/cadenaser.com\/tag\/benidorm\/a\/\" target=\"_blank\" rel=\"noopener\">El paro registrado en las oficinas de empleo de Benidorm ha bajado en 729 personas durante 2023<\/a> en relaci\u00f3n al a\u00f1o anterior (-16,25 %) hasta un total de 3.756 desempleados, pese al repunte del 2,07 % en diciembre respecto a noviembre (76 parados m\u00e1s).<\/p>   <p>Adem\u00e1s de estos datos, la edil de empleo benidormense <a href=\"https:\/\/cadenaser.com\/tag\/benidorm\/a\/\" target=\"_blank\" rel=\"noopener\">M\u00f3nica G\u00f3mez<\/a> ha hecho hincapi\u00e9 en que es el municipio de m\u00e1s de 40.000 habitantes en toda la provincia de Alicante con la tasa de paro m\u00e1s baja: \u00abSon cifras similares a los a\u00f1os 2006 y 2007 y en estos dos \u00faltimos a\u00f1os el empleo ha crecido ocho puntos, mucho mejor que antes de la pandemia\u00bb.<\/p>   <p><p>M\u00e1s informaci\u00f3n<\/p><figure><img decoding=\"async\" src=\"https:\/\/cadenaser.com\/resizer\/5OvHkgmN2X5ZI553cEXhJOTtLPY=\/650x366\/filters:quality(70)\/cloudfront-eu-central-1.images.arcpublishing.com\/prisaradio\/5ZOZVW2RSRGB3HWPX4DWXAIR2U.jpg\" loading=\"lazy\" width=\"828\" height=\"621\" \/><\/figure><ul><li><a href=\"https:\/\/cadenaser.com\/comunitat-valenciana\/2024\/01\/03\/el-gastrojeta-se-traslada-a-benidorm-y-hace-de-las-suyas-hurtando-carteras-y-en-comercios-radio-benidorm\/\">El &#8216;Gastrojeta&#8217; se traslada a Benidorm y hace de las suyas<\/a><\/li><\/ul><\/p>   <p>Por su parte, el conjunto de la Marina Baixa tiene un total de 9.944 personas desempleadas. Son 1.522 (-12,84 %) parados menos que al cierre de 2022. Seg\u00fan datos del <a href=\"https:\/\/labora.gva.es\/va\/ciutadania\">Servicio Valenciano de Empleo LABORA<\/a>, la comarca y sus municipios m\u00e1s grandes han seguido as\u00ed la tendencia auton\u00f3mica y nacional de descenso durante el \u00faltimo a\u00f1o y de ligero incremento, en este caso de 125 personas (1,27 %), en el \u00faltimo mes.<\/p>   <p><a href=\"https:\/\/cadenaser.com\/tag\/comarca_la_marina_baixa\/a\/\" target=\"_blank\" rel=\"noopener\">De esas 9.944 personas sin trabajo en la Marina Baixa 5.844 son mujeres y 4.100 hombres<\/a> y la mayor\u00eda (83,76 %) est\u00e1n inscritos en el sector servicios, motor econ\u00f3mico de la capital tur\u00edstica y todo su entorno. En el caso de los 3.756 parados en Benidorm en el arranque de este 2024, 2.240 son mujeres y 1.516 hombres, con claro predominio tambi\u00e9n de los inscritos en servicios.<\/p>   <p>Desde <a href=\"https:\/\/cadenaser.com\/tag\/cc_oo_confederacion_sindical_comisiones_obreras\/a\/\" target=\"_blank\" rel=\"noopener\">Comisiones Obreras<\/a> (CCOO) su secretario de Di\u00e1logo Social y Medio Ambiente Dani Pati\u00f1o ha incidido en este \u00faltimo factor en su valoraci\u00f3n: \u00abExiste mucho margen de mejora en adaptar el mundo del trabajo a la transici\u00f3n digital y ecol\u00f3gica por lo que reclamamos mayores esfuerzos para articular pol\u00edticas p\u00fablicas y a trav\u00e9s del Paco de Empleo de la Marina Baixa para esa b\u00fasqueda y mantenimiento de trabajo decente\u00bb.<\/p>   <p>Para la secretaria general del sindicato <a href=\"https:\/\/cadenaser.com\/tag\/ugt_union_general_trabajadores\/a\/\" target=\"_blank\" rel=\"noopener\">UGT<\/a> en Alicante una de las principales claves de estas cifras es que el paro sigue teniendo rostro de mujer: \u00abEl sector servicios que ha necesitado mano de obra en este \u00faltimo mes del a\u00f1o y la mayor\u00eda han sido mujeres pero despu\u00e9s van a volver al paro porque acceden a contratos precarios y temporales\u00bb, ha subrayado Yolanda Garc\u00eda.<\/p>   <p>El paro tambi\u00e9n baja en La Vila, Altea, l&#8217;Alf\u00e0s o La Nuc\u00eda<\/p>   <p><li>En la <a href=\"https:\/\/cadenaser.com\/tag\/vila_joiosa\/a\/\">Vila Joiosa<\/a> hay 2.241 personas desempleadas al cierre del 2023, 345 menos que al final del a\u00f1o anterior.<\/li><li>En <a href=\"https:\/\/cadenaser.com\/tag\/altea\/a\/\">Altea<\/a> 1.121, 91 menos.<\/li><li>En <a href=\"https:\/\/cadenaser.com\/tag\/lalfas_del_pi\/a\/\">L&#8217;Alf\u00e0s del Pi<\/a> 786, 153 desempleados menos. Esto supone la ca\u00edda porcentual m\u00e1s alta de las localidades de la comarca por encima de los 10.000 habitantes con un 16,29 %.<\/li><li>Y en <a href=\"https:\/\/cadenaser.com\/tag\/la_nucia\/a\/\">La Nuc\u00eda<\/a> hay 846, 108 menos respecto al final de 2022.<\/li><\/p> ","protected":false},"excerpt":{"rendered":"<p>El descenso interanual del desempleo ha sido del 12,84 % en la Marina Baixa <\/p>\n","protected":false},"author":0,"featured_media":1082,"comment_status":"open","ping_status":"open","sticky":false,"template":"","format":"standard","meta":{"_acf_changed":false,"footnotes":""},"categories":[1],"tags":[],"class_list":["post-1081","post","type-post","status-publish","format-standard","has-post-thumbnail","hentry","category-sin-categoria"],"acf":{"ser_id":"KSS5JKSBLVH3JAJV64UFOGDNBI","ser_url":"https:\/\/cadenaser.com\/comunitat-valenciana\/2024\/01\/03\/el-paro-bajo-en-benidorm-en-729-personas-durante-2023-radio-benidorm\/"},"_links":{"self":[{"href":"https:\/\/serbenidorm.daliisolutions.com\/index.php\/wp-json\/wp\/v2\/posts\/1081","targetHints":{"allow":["GET"]}}],"collection":[{"href":"https:\/\/serbenidorm.daliisolutions.com\/index.php\/wp-json\/wp\/v2\/posts"}],"about":[{"href":"https:\/\/serbenidorm.daliisolutions.com\/index.php\/wp-json\/wp\/v2\/types\/post"}],"replies":[{"embeddable":true,"href":"https:\/\/serbenidorm.daliisolutions.com\/index.php\/wp-json\/wp\/v2\/comments?post=1081"}],"version-history":[{"count":0,"href":"https:\/\/serbenidorm.daliisolutions.com\/index.php\/wp-json\/wp\/v2\/posts\/1081\/revisions"}],"wp:featuredmedia":[{"embeddable":true,"href":"https:\/\/serbenidorm.daliisolutions.com\/index.php\/wp-json\/wp\/v2\/media\/1082"}],"wp:attachment":[{"href":"https:\/\/serbenidorm.daliisolutions.com\/index.php\/wp-json\/wp\/v2\/media?parent=1081"}],"wp:term":[{"taxonomy":"category","embeddable":true,"href":"https:\/\/serbenidorm.daliisolutions.com\/index.php\/wp-json\/wp\/v2\/categories?post=1081"},{"taxonomy":"post_tag","embeddable":true,"href":"https:\/\/serbenidorm.daliisolutions.com\/index.php\/wp-json\/wp\/v2\/tags?post=1081"}],"curies":[{"name":"wp","href":"https:\/\/api.w.org\/{rel}","templated":true}]}}