{"id":10834,"date":"2024-12-01T11:00:47","date_gmt":"2024-12-01T10:00:47","guid":{"rendered":"https:\/\/serbenidorm.daliisolutions.com\/index.php\/2024\/12\/01\/el-balonmano-benidorm-deja-buenas-sensaciones-en-irun\/"},"modified":"2024-12-01T11:00:47","modified_gmt":"2024-12-01T10:00:47","slug":"el-balonmano-benidorm-deja-buenas-sensaciones-en-irun","status":"publish","type":"post","link":"https:\/\/serbenidorm.daliisolutions.com\/index.php\/2024\/12\/01\/el-balonmano-benidorm-deja-buenas-sensaciones-en-irun\/","title":{"rendered":"El Balonmano Benidorm deja buenas sensaciones en Ir\u00fan"},"content":{"rendered":"  <p><div data-adtype=\"MLDB\"><\/div><\/p>   <p>Benidorm<\/p>   <p>El Servigroup Balonmano Benidorm cerr\u00f3 el s\u00e1bado en Artaleku una \u2018semana horribilis\u2019 en la que lo \u00fanico positivo, tras caer por 31-30 ante el Bidasoa de Ir\u00fan, es el cambio de imagen dado por los de Sergio Carballeira ante el conjunto irundarra, uno de los hist\u00f3ricos de la Liga Asonal, tras las muy preocupantes sesiones de terror vividas ante Huesca y Aranda.<\/p>   <p>Han pasado ya m\u00e1s de dos meses desde la \u00faltima victoria del Servigroup Balonmano Benidorm en Liga Asobal. Fue un 27 de septiembre en Cuenca y, desde entonces, los del Palau d\u2019Esports s\u00f3lo han podido sumar uno de los 16 puntos posibles, una crisis de resultados que, tanto ante Huesca como Aranda se torn\u00f3, y eso era lo m\u00e1s alarmante, en la m\u00e1s absoluta nada en t\u00e9rminos de juego.<\/p>   <p>Es por ello que el viaje a Artaleku se antojaba como una nueva tortura para un equipo que parec\u00eda haber perdido su propia identidad, pero que fue capaz de reencontrarse con su mejor versi\u00f3n ante un Bidasoa de Ir\u00fan que en ning\u00fan momento goz\u00f3 del control absoluto del choque y que, de hecho, s\u00f3lo pudo hacerse con el triunfo final gracias a un gol de Asier Nieto en el \u00faltimo segundo de partido.<\/p>   <p>Con todo, los benidormenses volver\u00e1n a dormir como colistas de la Liga Asobal y con el \u00fanico consuelo de haber podido revertir, al menos, la mala imagen dada en los dos choques anteriores antes de recibir, el pr\u00f3ximo domingo, al Ademar de Le\u00f3n en casa.<\/p> ","protected":false},"excerpt":{"rendered":"<p>Un gol sobre la bocina priva a los de Sergio Carballeira de puntuar en Artaleku<\/p>\n","protected":false},"author":0,"featured_media":10835,"comment_status":"open","ping_status":"open","sticky":false,"template":"","format":"standard","meta":{"_acf_changed":false,"footnotes":""},"categories":[16],"tags":[],"class_list":["post-10834","post","type-post","status-publish","format-standard","has-post-thumbnail","hentry","category-deportes"],"acf":{"ser_id":"4XBJQOMTAFFM5MID5PC2GAXQBE","ser_url":"https:\/\/cadenaser.com\/comunitat-valenciana\/2024\/12\/01\/el-balonmano-benidorm-deja-buenas-sensaciones-en-irun-radio-benidorm\/"},"_links":{"self":[{"href":"https:\/\/serbenidorm.daliisolutions.com\/index.php\/wp-json\/wp\/v2\/posts\/10834","targetHints":{"allow":["GET"]}}],"collection":[{"href":"https:\/\/serbenidorm.daliisolutions.com\/index.php\/wp-json\/wp\/v2\/posts"}],"about":[{"href":"https:\/\/serbenidorm.daliisolutions.com\/index.php\/wp-json\/wp\/v2\/types\/post"}],"replies":[{"embeddable":true,"href":"https:\/\/serbenidorm.daliisolutions.com\/index.php\/wp-json\/wp\/v2\/comments?post=10834"}],"version-history":[{"count":0,"href":"https:\/\/serbenidorm.daliisolutions.com\/index.php\/wp-json\/wp\/v2\/posts\/10834\/revisions"}],"wp:featuredmedia":[{"embeddable":true,"href":"https:\/\/serbenidorm.daliisolutions.com\/index.php\/wp-json\/wp\/v2\/media\/10835"}],"wp:attachment":[{"href":"https:\/\/serbenidorm.daliisolutions.com\/index.php\/wp-json\/wp\/v2\/media?parent=10834"}],"wp:term":[{"taxonomy":"category","embeddable":true,"href":"https:\/\/serbenidorm.daliisolutions.com\/index.php\/wp-json\/wp\/v2\/categories?post=10834"},{"taxonomy":"post_tag","embeddable":true,"href":"https:\/\/serbenidorm.daliisolutions.com\/index.php\/wp-json\/wp\/v2\/tags?post=10834"}],"curies":[{"name":"wp","href":"https:\/\/api.w.org\/{rel}","templated":true}]}}