{"id":10836,"date":"2024-12-01T11:00:50","date_gmt":"2024-12-01T10:00:50","guid":{"rendered":"https:\/\/serbenidorm.daliisolutions.com\/index.php\/2024\/12\/01\/el-playas-de-benidorm-tambien-sabe-sufrir\/"},"modified":"2024-12-01T11:00:50","modified_gmt":"2024-12-01T10:00:50","slug":"el-playas-de-benidorm-tambien-sabe-sufrir","status":"publish","type":"post","link":"https:\/\/serbenidorm.daliisolutions.com\/index.php\/2024\/12\/01\/el-playas-de-benidorm-tambien-sabe-sufrir\/","title":{"rendered":"El Playas de Benidorm tambi\u00e9n sabe sufrir"},"content":{"rendered":"  <p><div data-adtype=\"MLDB\"><\/div><\/p>   <p>Benidorm<\/p>   <p>Tuvo que llegar la novena jornada de competici\u00f3n en la Superliga 2 masculina para que el equipo masculino del Club Voleibol Playas de Benidorm se tornara, por primera vez en esta temporada, humano y tuviera que irse a un tie-break para arrancar una muy sufrida victoria ante un gran Pinto por 3-2 (23-25\/25-19\/24-26\/25-22\/15-12).<\/p>   <p>Con el primer puesto de la clasificaci\u00f3n firmemente amarrado y con la clasificaci\u00f3n para la Copa del Pr\u00edncipe en el zurr\u00f3n, el Servigroup Benidorm recib\u00eda este s\u00e1bado al Pinto, tercer clasificado, con la misi\u00f3n de asestar otro golpe en su camino hacia ese ambicioso objetivo final que no es otro que meterse en la fase de ascenso a la m\u00e1xima categor\u00eda.<\/p>   <p>Fueron los madrile\u00f1os los que, tras el paso por la \u2018trituradora\u2019 benidormense de los otros te\u00f3ricos favoritos a hacerse con esas dos plazas que dan derecho a so\u00f1ar con el ascenso, pusieron en verdaderos aprietos al grupo de Adriano Lamb por vez primera en esta temporada.<\/p>   <p>El Servigroup Benidorm tuvo que hacer gala, m\u00e1s que nunca, de ese car\u00e1cter competitivo que les ha venido caracterizando en estos ya casi dos meses de competici\u00f3n para sacar adelante un partido que se fue al siempre incierto desempate y en el que, como mal menor, sum\u00f3 dos nuevos puntos que han permitido al Legan\u00e9s, que s\u00ed se impuso por 3-0 al Extremadura, acercarse hasta los cinco puntos de los l\u00edderes.<\/p>   <p><b>El Medsur-Finestrat sigue en ca\u00edda libre<\/b><\/p>   <p>Tambi\u00e9n sufrieron las chicas del Club Voleibol Playas de Benidorm, aunque en su caso ya es algo habitual en esta temporada, para imponerse, tambi\u00e9n por 3-2 (29-27\/18-25\/25-23\/13-25\/15-13) al X\u00e0tiva y sumar dos puntos que mantienen a las de Noelia Santacreu en esa \u2018zona de nadie\u2019 de la clasificaci\u00f3n, lejos del descenso; pero tambi\u00e9n sin poder optar a las posiciones ascenso.<\/p>   <p>     .c-w{         max-width:444px;         width:100%;         margin:32px auto;      background:#00755E;         border-radius:4px;         display:flex;         align-items:center;         justify-content:center;     }     .c-w a{         display:flex;         align-items:center;         justify-content:center;         padding:4px 24px;     }     .c-w img{         width:24px;         margin-right:12px;     }     .c-w p{         font:18px\/25px Poppins;         text-align:center;         color:#fff;         margin:0;     }     @media (max-width:444px){         .c-w a{             padding:4px 12px;         }         .c-w img{             width:24px;             margin-right:8px;         }         .c-w p{             font:14px\/25px Poppins;         }     }     @media (max-width:335px){         .c-w p{             font:13px\/25px Poppins;         }     }  <div class=\"c-w\">     <a href=\"https:\/\/www.whatsapp.com\/channel\/0029Va633PF9WtC4l7XUzh1e\" rel=\"nofollow\" target=\"_blank\">         <img decoding=\"async\" src=\"https:\/\/cadenaser.com\/estaticos\/recursosgraficos\/responsive\/img\/ico-whatsapp.svg\" alt=\"Whatsapp\">         <p>\u00danete al <b>canal de WhatsApp<\/b> de la SER<\/p>     <\/a> <\/div><\/p>   <p>Por su parte, el Medsur-Finestrat sigue en ca\u00edda libre sin ser, al menos en apariencia, capaz de encontrar el camino hacia la regularidad. Las de Juanvi Llinares cayeron por un clar\u00edsimo 3-0 (25-22\/25-17\/25-12) en casa del Paterna-Liceo y siguen en la \u00faltima posici\u00f3n de la clasificaci\u00f3n.<\/p> ","protected":false},"excerpt":{"rendered":"<p>Los chicos de Adriano Lamb se dejaron su primer punto de la temporada, pero siguen imbatidos<\/p>\n","protected":false},"author":0,"featured_media":10837,"comment_status":"open","ping_status":"open","sticky":false,"template":"","format":"standard","meta":{"_acf_changed":false,"footnotes":""},"categories":[16],"tags":[],"class_list":["post-10836","post","type-post","status-publish","format-standard","has-post-thumbnail","hentry","category-deportes"],"acf":{"ser_id":"LZRIMBHQRVFDZDTJHDAHTBV46Y","ser_url":"https:\/\/cadenaser.com\/comunitat-valenciana\/2024\/12\/01\/el-playas-de-benidorm-tambien-sabe-sufrir-radio-benidorm\/"},"_links":{"self":[{"href":"https:\/\/serbenidorm.daliisolutions.com\/index.php\/wp-json\/wp\/v2\/posts\/10836","targetHints":{"allow":["GET"]}}],"collection":[{"href":"https:\/\/serbenidorm.daliisolutions.com\/index.php\/wp-json\/wp\/v2\/posts"}],"about":[{"href":"https:\/\/serbenidorm.daliisolutions.com\/index.php\/wp-json\/wp\/v2\/types\/post"}],"replies":[{"embeddable":true,"href":"https:\/\/serbenidorm.daliisolutions.com\/index.php\/wp-json\/wp\/v2\/comments?post=10836"}],"version-history":[{"count":0,"href":"https:\/\/serbenidorm.daliisolutions.com\/index.php\/wp-json\/wp\/v2\/posts\/10836\/revisions"}],"wp:featuredmedia":[{"embeddable":true,"href":"https:\/\/serbenidorm.daliisolutions.com\/index.php\/wp-json\/wp\/v2\/media\/10837"}],"wp:attachment":[{"href":"https:\/\/serbenidorm.daliisolutions.com\/index.php\/wp-json\/wp\/v2\/media?parent=10836"}],"wp:term":[{"taxonomy":"category","embeddable":true,"href":"https:\/\/serbenidorm.daliisolutions.com\/index.php\/wp-json\/wp\/v2\/categories?post=10836"},{"taxonomy":"post_tag","embeddable":true,"href":"https:\/\/serbenidorm.daliisolutions.com\/index.php\/wp-json\/wp\/v2\/tags?post=10836"}],"curies":[{"name":"wp","href":"https:\/\/api.w.org\/{rel}","templated":true}]}}