{"id":10854,"date":"2024-12-01T18:24:35","date_gmt":"2024-12-01T17:24:35","guid":{"rendered":"https:\/\/serbenidorm.daliisolutions.com\/index.php\/2024\/12\/01\/felipe-orts-firma-el-primer-podio-espanol-en-una-copa-del-mundo\/"},"modified":"2024-12-01T18:24:35","modified_gmt":"2024-12-01T17:24:35","slug":"felipe-orts-firma-el-primer-podio-espanol-en-una-copa-del-mundo","status":"publish","type":"post","link":"https:\/\/serbenidorm.daliisolutions.com\/index.php\/2024\/12\/01\/felipe-orts-firma-el-primer-podio-espanol-en-una-copa-del-mundo\/","title":{"rendered":"Felipe Orts firma el primer podio espa\u00f1ol en una Copa del Mundo"},"content":{"rendered":"  <p><div data-adtype=\"MLDB\"><\/div><\/p>   <p>Benidorm<\/p>   <p>Seguramente no haya mejor an\u00e9cdota para explicar lo extraordinario del logro conseguido en la tarde de este domingo por <a href=\"https:\/\/cadenaser.com\/tag\/felipe_orts_lloret\/a\/\" target=\"_blank\">Felipe Orts<\/a> en Dubl\u00edn que lo sucedido s\u00f3lo minutos despu\u00e9s de que el de La Vila Joiosa cruzara, exhausto, la l\u00ednea de meta en tercera posici\u00f3n.<\/p>   <p>Caminaba el corredor del Ridley Racing Team hacia el podio irland\u00e9s cuando, a su lado, el ganador de la carrera, el belga Michael Vanthourenthout, se sorprend\u00eda de que el seis veces campe\u00f3n de Espa\u00f1a no se hubiera cambiado el calzado y siguiera llevando las zapatillas de correr y le preguntaba por ello a su rival. Felipe, sonriente y como el que dice algo muy obvio, le explic\u00f3 que, sencillamente, \u201cno ven\u00eda preparado para subir al podio\u201d.<\/p>   <p>Por mucho que <a href=\"https:\/\/cadenaser.com\/comunitat-valenciana\/2024\/11\/24\/felipe-orts-pasa-el-test-de-amberes-haciendo-control-de-danos-radio-benidorm\/\" target=\"_blank\">Felipe Orts, en la temporada de su vida, hubiera dado se\u00f1ales previas de que este momento iba a llegar m\u00e1s pronto que tarde<\/a>, la historia pesaba como una losa. La historia, en definitiva, nos dec\u00eda que nunca un corredor espa\u00f1ol hab\u00eda subido a un podio de una prueba de la Copa del Mundo de ciclocross. De hecho, el que m\u00e1s cerca estuvo previamente fue el propio Felipe Orts (5\u00ba en Maasmechelen el a\u00f1o pasado). Pero todo eso cambi\u00f3 este domingo, 1 de diciembre de 2024, en Dubl\u00edn. Ah\u00ed, <a href=\"https:\/\/cadenaser.com\/comunitat-valenciana\/2024\/11\/21\/arranca-una-copa-del-mundo-de-ciclocross-que-puede-ser-historica-para-felipe-orts-radio-benidorm\/\" target=\"_blank\">Felipe Orts, de nuevo hist\u00f3rico, volvi\u00f3 a hacer lo que nadie hab\u00eda hecho antes<\/a>.<\/p>  <p><p>M\u00e1s informaci\u00f3n<\/p><figure><img loading=\"lazy\" decoding=\"async\" src=\"https:\/\/cadenaser.com\/resizer\/v2\/KOEC7MEQZ5AJPGMLIPAPAABTLU.jpg?auth=9817f02a64253461c46d462144fe72985bd776a6f589b42e8796e1d5362e7ab5&amp;quality=70&amp;width=360&amp;height=202&amp;smart=true\" width=\"820\" height=\"621\" \/><\/figure><ul><li><a href=\"https:\/\/cadenaser.com\/tag\/felipe_orts_lloret\/a\/\"><span>Todas las noticias de Felipe Orts<\/span><\/a><\/li><\/ul><\/p>   <p>Y todo despu\u00e9s de una carrera que se podr\u00eda haber ido al traste en la primera vuelta, cuando una fea ca\u00edda del checo Michael Boro\u0161 al paso por los tablones provoc\u00f3 un efecto domin\u00f3 en el que Felipe Orts protagoniz\u00f3 una de las \u2018salvadas\u2019 del a\u00f1o y en el que el campe\u00f3n de Europa, Sven Nys, se llev\u00f3 la peor parte teniendo que optar por el abandono pocas vueltas m\u00e1s tarde tras el fuerte golpe recibido.<\/p>   <p>Como ya se ha convertido en habitual en esta temporada de ensue\u00f1o para el ciclocross espa\u00f1ol, Felipe Orts rod\u00f3 durante toda la carrera con el grupo de los mejores. En un circuito rapid\u00edsimo y bastante llano, pronto qued\u00f3 claro que la pelea por la victoria final se la iban a jugar entre los belgas Michael Vanthourenthout, Eli Iserbyt, Toon Aerts y Joran Weysure; el neerland\u00e9s Pim Ronhaar y el \u00fanico corredor \u2018no-Benelux\u2019 que ha sabido sentarse a la mesa de los grandes, Felipe Orts.<\/p>   <p>     .c-w{         max-width:444px;         width:100%;         margin:32px auto;      background:#00755E;         border-radius:4px;         display:flex;         align-items:center;         justify-content:center;     }     .c-w a{         display:flex;         align-items:center;         justify-content:center;         padding:4px 24px;     }     .c-w img{         width:24px;         margin-right:12px;     }     .c-w p{         font:18px\/25px Poppins;         text-align:center;         color:#fff;         margin:0;     }     @media (max-width:444px){         .c-w a{             padding:4px 12px;         }         .c-w img{             width:24px;             margin-right:8px;         }         .c-w p{             font:14px\/25px Poppins;         }     }     @media (max-width:335px){         .c-w p{             font:13px\/25px Poppins;         }     }  <div class=\"c-w\">     <a href=\"https:\/\/www.whatsapp.com\/channel\/0029Va633PF9WtC4l7XUzh1e\" rel=\"nofollow\" target=\"_blank\">         <img decoding=\"async\" src=\"https:\/\/cadenaser.com\/estaticos\/recursosgraficos\/responsive\/img\/ico-whatsapp.svg\" alt=\"Whatsapp\">         <p>\u00danete al <b>canal de WhatsApp<\/b> de la SER<\/p>     <\/a> <\/div><\/p>   <p>Pasaban las vueltas y ese numeroso \u2018pelot\u00f3n\u2019 de siete unidades no se descompon\u00eda, algo poco habitual en el ciclocross. El primer en intentar sacudir el \u00e1rbol fue Ronhaar, que apenas hizo da\u00f1o. Luego, fue el turno de Aerts, que cada vez recuerda m\u00e1s al corredor de anta\u00f1o, pero tampoco \u00e9l pudo hacer gran cosa.<\/p>   <p>As\u00ed, a vuelta y media para el final, el sol que hab\u00eda brillado durante las \u00faltimas horas sobre el circuito dublin\u00e9s desapareci\u00f3 y ese t\u00edpico aire fr\u00edo, pesado y h\u00famedo que precede a la lluvia hizo acto de presencia.<\/p>  <p><p>M\u00e1s informaci\u00f3n<\/p><figure><img loading=\"lazy\" decoding=\"async\" src=\"https:\/\/cadenaser.com\/resizer\/v2\/7YDGJUGUR5AUNEOLQCQPXTQEKM.jpg?auth=a9121d96126385acea40eaf8ae2c500a02396d5266add9f63f2447df96a4b172&amp;quality=70&amp;width=360&amp;height=202&amp;smart=true\" width=\"820\" height=\"621\" \/><\/figure><ul><li><a href=\"https:\/\/cadenaser.com\/comunitat-valenciana\/2024\/11\/26\/la-campeona-del-mundo-fem-van-empel-buscara-su-tercer-triunfo-en-benidorm-radio-benidorm\/\"><span>La campeona del mundo, Fem van Empel, buscar\u00e1 su tercer triunfo en Benidorm<\/span><\/a><\/li><\/ul><\/p>   <p>Orts, como tantas otras veces en el pasado, hizo entonces gala de su extraordinaria capacidad de leer las carreras y avis\u00f3 a su box. Quer\u00eda que le montaran las \u2018rhino\u2019, o sea, las cubiertas que en la especialidad invernal del ciclismo se utilizan para volar sobre superficies embarradas.<\/p>   <p>En el pen\u00faltimo paso por los boxes, cuando normalmente uno busca evitar cualquier p\u00e9rdida de tiempo, Orts entr\u00f3 y cambi\u00f3. La apuesta, como tantas otras veces en el pasado, fue la acertada. Otros no supieron leer tan bien la situaci\u00f3n y, llegado el tercio final de la \u00faltima vuelta, al paso por la zona m\u00e1s t\u00e9cnica y deslizante del circuito, llegaron los errores.<\/p>   <p>Iserbyt, en cabeza, resbal\u00f3 y se llev\u00f3 con \u00e9l a Aerts. Un peque\u00f1o error. Un tonto enganch\u00f3n que Vanthourenthout supo aprovechar para coger los pocos metros de ventaja que acabar\u00edan siendo suficientes.<\/p>   <p>Tambi\u00e9n aprovech\u00f3 Orts que, y esto s\u00ed que fue el factor diferencial respecto al pasado, atraviesa este a\u00f1o el estado de forma de su vida. Es igual de listo. Es igual de bueno en las partes t\u00e9cnicas. Es igual \u2018pillo\u2019 a la hora de ver trazadas que nadie m\u00e1s ve. Pero es mucho m\u00e1s fuerte, mental y f\u00edsicamente, que en el pasado.<\/p>   <p>Por eso, cuando abandon\u00f3 el prado, gir\u00f3 a la derecha y encar\u00f3 el asfalto de la recta final, casi nadie dud\u00f3 de que iba a ser capaz de alcanzar ese logro hist\u00f3rico de alzarse con el primer podio espa\u00f1ol de la historia de la Copa del Mundo de ciclocross.<\/p>   <p>Encajonado a rueda de Aerts y con Iserbyt a la suya, no especul\u00f3. No mir\u00f3 atr\u00e1s. Se agach\u00f3 todo lo que pudo detr\u00e1s del gigante del equipo Deschacht (1,88 de altura del belga por 1,79 del espa\u00f1ol) para aprovechar al m\u00e1ximo su rebufo y ofrecer el menor posible al peque\u00f1o Iserbyt (s\u00f3lo 1,65 de suelo a cabeza).<\/p>   <p>Y en el sprint de su vida, Felipe Orts no s\u00f3lo sac\u00f3 de punta a Iserbyt, sino que por un momento, por un muy breve instante, parec\u00eda que iba a ser capaz de superar tambi\u00e9n a un Aerts que, finalmente, defendi\u00f3 su segundo puesto.<\/p> ","protected":false},"excerpt":{"rendered":"<p>Un cambio de cubiertas en la \u00faltima vuelta fue clave para el hist\u00f3rico logro del vilero<\/p>\n","protected":false},"author":0,"featured_media":10855,"comment_status":"open","ping_status":"open","sticky":false,"template":"","format":"standard","meta":{"_acf_changed":false,"footnotes":""},"categories":[16],"tags":[],"class_list":["post-10854","post","type-post","status-publish","format-standard","has-post-thumbnail","hentry","category-deportes"],"acf":{"ser_id":"4FUGZSGCFBHVTPIUGHABA62YPM","ser_url":"https:\/\/cadenaser.com\/comunitat-valenciana\/2024\/12\/01\/felipe-orts-firma-el-primer-podio-espanol-en-una-copa-del-mundo-radio-benidorm\/"},"_links":{"self":[{"href":"https:\/\/serbenidorm.daliisolutions.com\/index.php\/wp-json\/wp\/v2\/posts\/10854","targetHints":{"allow":["GET"]}}],"collection":[{"href":"https:\/\/serbenidorm.daliisolutions.com\/index.php\/wp-json\/wp\/v2\/posts"}],"about":[{"href":"https:\/\/serbenidorm.daliisolutions.com\/index.php\/wp-json\/wp\/v2\/types\/post"}],"replies":[{"embeddable":true,"href":"https:\/\/serbenidorm.daliisolutions.com\/index.php\/wp-json\/wp\/v2\/comments?post=10854"}],"version-history":[{"count":0,"href":"https:\/\/serbenidorm.daliisolutions.com\/index.php\/wp-json\/wp\/v2\/posts\/10854\/revisions"}],"wp:featuredmedia":[{"embeddable":true,"href":"https:\/\/serbenidorm.daliisolutions.com\/index.php\/wp-json\/wp\/v2\/media\/10855"}],"wp:attachment":[{"href":"https:\/\/serbenidorm.daliisolutions.com\/index.php\/wp-json\/wp\/v2\/media?parent=10854"}],"wp:term":[{"taxonomy":"category","embeddable":true,"href":"https:\/\/serbenidorm.daliisolutions.com\/index.php\/wp-json\/wp\/v2\/categories?post=10854"},{"taxonomy":"post_tag","embeddable":true,"href":"https:\/\/serbenidorm.daliisolutions.com\/index.php\/wp-json\/wp\/v2\/tags?post=10854"}],"curies":[{"name":"wp","href":"https:\/\/api.w.org\/{rel}","templated":true}]}}