{"id":10856,"date":"2024-12-01T20:14:30","date_gmt":"2024-12-01T19:14:30","guid":{"rendered":"https:\/\/serbenidorm.daliisolutions.com\/index.php\/2024\/12\/01\/el-c-f-benidorm-empata-en-su-vuelta-al-guillermo-amor\/"},"modified":"2024-12-01T20:14:30","modified_gmt":"2024-12-01T19:14:30","slug":"el-c-f-benidorm-empata-en-su-vuelta-al-guillermo-amor","status":"publish","type":"post","link":"https:\/\/serbenidorm.daliisolutions.com\/index.php\/2024\/12\/01\/el-c-f-benidorm-empata-en-su-vuelta-al-guillermo-amor\/","title":{"rendered":"El C.F. Benidorm empata en su vuelta al Guillermo Amor"},"content":{"rendered":"  <p><div data-adtype=\"MLDB\"><\/div><\/p>   <p>Benidorm<\/p>   <p>Exactamente 187 d\u00edas o, dicho en t\u00e9rminos de una condena, seis meses y un d\u00eda. Ese es el tiempo que hab\u00eda pasado desde que el pasado 28 de mayo el C.F. Benidorm diera por cerrada su temporada del ascenso con un partido-fiesta ante el Valencia y, por lo tanto, desde la \u00faltima vez que los de Miguel \u00c1ngel Mart\u00ednez comparecieran en el Guillermo Amor.<\/p>   <p>Medio a\u00f1o y un d\u00eda\u2026 pero bien podr\u00eda haber sido mucho m\u00e1s tiempo. Porque nada se parece a lo de entonces. Aquel 28 de mayo, el C.F. Benidorm ven\u00eda de dominar con pu\u00f1o de hierro la Lliga Comunitat y de rubricar su a\u00f1o con un ascenso por la v\u00eda r\u00e1pida tras proclamarse campe\u00f3n. Ahora, sin embargo, la nueva categor\u00eda parece que se le ha hecho bola a un equipo que, en su regreso a \u2018casa\u2019, no pudo pasar del empate a dos ante el Torrellano y sigue hundido en los puestos de descenso y con la salvaci\u00f3n a cuatro puntos o, lo que es lo mismo, a partido y medio de distancia.<\/p>   <p>La realidad de este C.F. Benidorm se puede explicar a la perfecci\u00f3n con lo visto en la primera mitad de su regreso al Guillermo Amor. Un equipo que juega, que domina, que lleva el ritmo del partido, que genera ocasiones, que estrella dos balones en el palo\u2026 y al que, sin embargo, hace falta bien poco para encontrarle las cosquillas, tal y como demostr\u00f3 el Torrellano, que se adelant\u00f3 en una de sus pocas ocasiones.<\/p>   <p>Y, de nuevo, las buenas palabras. El buen juego. El dominio. El saber llevar el ritmo. Pero todo eso, no vale de nada si no va acompa\u00f1ado del gol. Es, lo que en otros \u00e1mbitos de la vida, se definir\u00eda como un aut\u00e9ntico \u2018pagafantas\u2019. Un \u2018pagafantas\u2019 que precis\u00f3 de una jugada a bal\u00f3n parado para poner un 1-1 en el marcador que no servir\u00eda de nada, porque ya al borde del descanso los visitantes volver\u00edan a adelantarse.<\/p>   <p>Visto lo visto, el Torrellano se limit\u00f3 a tratar de parar a un Benidorm que, tras la reanudaci\u00f3n, sigui\u00f3 a lo suyo. A tocar, a dominar, a jugar y a generar ocasiones\u2026 pero estrell\u00e1ndose contra ese \u2018si siempre haces lo mismo, obtendr\u00e1s el mismo resultado\u2019.<\/p>   <p>     .c-w{         max-width:444px;         width:100%;         margin:32px auto;      background:#00755E;         border-radius:4px;         display:flex;         align-items:center;         justify-content:center;     }     .c-w a{         display:flex;         align-items:center;         justify-content:center;         padding:4px 24px;     }     .c-w img{         width:24px;         margin-right:12px;     }     .c-w p{         font:18px\/25px Poppins;         text-align:center;         color:#fff;         margin:0;     }     @media (max-width:444px){         .c-w a{             padding:4px 12px;         }         .c-w img{             width:24px;             margin-right:8px;         }         .c-w p{             font:14px\/25px Poppins;         }     }     @media (max-width:335px){         .c-w p{             font:13px\/25px Poppins;         }     }  <div class=\"c-w\">     <a href=\"https:\/\/www.whatsapp.com\/channel\/0029Va633PF9WtC4l7XUzh1e\" rel=\"nofollow\" target=\"_blank\">         <img decoding=\"async\" src=\"https:\/\/cadenaser.com\/estaticos\/recursosgraficos\/responsive\/img\/ico-whatsapp.svg\" alt=\"Whatsapp\">         <p>\u00danete al <b>canal de WhatsApp<\/b> de la SER<\/p>     <\/a> <\/div><\/p>   <p>Qu\u00e9 es lo que tiene que cambiar Miguel \u00c1ngel Mart\u00ednez es obvio: conseguir una mayor efectividad ante la puerta contraria. C\u00f3mo tiene que hacerlo es algo mucho m\u00e1s complicado de dilucidar. Tan complicado como urgente, porque una jornada m\u00e1s s\u00f3lo la insistencia (y la fortuna de un bal\u00f3n perdido rebotando en un defensa del Torrellano para meterla dentro de su porter\u00eda) evit\u00f3 que la debacle fuera completa.<\/p>   <p><b>El C.F. La Nuc\u00eda, con la vista en el ascenso<\/b><\/p>   <p>Muy distintas fueron las sensaciones de un C.F. La Nuc\u00eda que se hizo con el triunfo por 1-3 en su visita al Jove Espa\u00f1ol de San Vicente.<\/p>   <p>Los de Berna Ballester parecen haber encontrado, al fin, su sitio en esta Tercera Federaci\u00f3n y tras un arranque irregular los rojillos han ido, poco a poco, remontando posiciones hasta terminar esta 13\u00aa jornada (con dos aplazamientos pendientes) en la octava posici\u00f3n a s\u00f3lo dos puntos de los puestos de promoci\u00f3n de ascenso y a cinco del liderato y, por lo tanto, del ascenso directo.<\/p> ","protected":false},"excerpt":{"rendered":"<p>El C.F. La Nuc\u00eda suma tres puntos que ponen los puestos de ascenso a tiro<\/p>\n","protected":false},"author":0,"featured_media":10857,"comment_status":"open","ping_status":"open","sticky":false,"template":"","format":"standard","meta":{"_acf_changed":false,"footnotes":""},"categories":[16],"tags":[],"class_list":["post-10856","post","type-post","status-publish","format-standard","has-post-thumbnail","hentry","category-deportes"],"acf":{"ser_id":"YUUO3OCZXBB53B6TEQOGOJCEWU","ser_url":"https:\/\/cadenaser.com\/comunitat-valenciana\/2024\/12\/01\/el-cf-benidorm-empata-en-su-vuelta-al-guillermo-amor-radio-benidorm\/"},"_links":{"self":[{"href":"https:\/\/serbenidorm.daliisolutions.com\/index.php\/wp-json\/wp\/v2\/posts\/10856","targetHints":{"allow":["GET"]}}],"collection":[{"href":"https:\/\/serbenidorm.daliisolutions.com\/index.php\/wp-json\/wp\/v2\/posts"}],"about":[{"href":"https:\/\/serbenidorm.daliisolutions.com\/index.php\/wp-json\/wp\/v2\/types\/post"}],"replies":[{"embeddable":true,"href":"https:\/\/serbenidorm.daliisolutions.com\/index.php\/wp-json\/wp\/v2\/comments?post=10856"}],"version-history":[{"count":0,"href":"https:\/\/serbenidorm.daliisolutions.com\/index.php\/wp-json\/wp\/v2\/posts\/10856\/revisions"}],"wp:featuredmedia":[{"embeddable":true,"href":"https:\/\/serbenidorm.daliisolutions.com\/index.php\/wp-json\/wp\/v2\/media\/10857"}],"wp:attachment":[{"href":"https:\/\/serbenidorm.daliisolutions.com\/index.php\/wp-json\/wp\/v2\/media?parent=10856"}],"wp:term":[{"taxonomy":"category","embeddable":true,"href":"https:\/\/serbenidorm.daliisolutions.com\/index.php\/wp-json\/wp\/v2\/categories?post=10856"},{"taxonomy":"post_tag","embeddable":true,"href":"https:\/\/serbenidorm.daliisolutions.com\/index.php\/wp-json\/wp\/v2\/tags?post=10856"}],"curies":[{"name":"wp","href":"https:\/\/api.w.org\/{rel}","templated":true}]}}