{"id":10864,"date":"2024-12-02T13:10:07","date_gmt":"2024-12-02T12:10:07","guid":{"rendered":"https:\/\/serbenidorm.daliisolutions.com\/index.php\/2024\/12\/02\/un-camarero-de-benidorm-detenido-por-grabar-en-el-bano-del-bar-a-mujeres-con-un-movil-oculto\/"},"modified":"2024-12-02T13:10:07","modified_gmt":"2024-12-02T12:10:07","slug":"un-camarero-de-benidorm-detenido-por-grabar-en-el-bano-del-bar-a-mujeres-con-un-movil-oculto","status":"publish","type":"post","link":"https:\/\/serbenidorm.daliisolutions.com\/index.php\/2024\/12\/02\/un-camarero-de-benidorm-detenido-por-grabar-en-el-bano-del-bar-a-mujeres-con-un-movil-oculto\/","title":{"rendered":"Un camarero de Benidorm detenido por grabar en el ba\u00f1o del bar a mujeres con un m\u00f3vil oculto"},"content":{"rendered":"  <p><div data-adtype=\"MLDB\"><\/div><\/p>   <p>Benidorm<\/p>   <p>La Polic\u00eda Nacional ha detenido en Benidorm a un trabajador de un bar acusado de haber grabado a clientas y empleadas en el aseo de mujeres del establecimiento con un tel\u00e9fono m\u00f3vil que presuntamente hab\u00eda colocado detr\u00e1s de un cuadro que ten\u00eda un agujero.<\/p>   <p>La detenci\u00f3n del sospechoso, de 27 a\u00f1os, se produjo un d\u00eda despu\u00e9s de que hubiera instalado el terminal en el cuarto de ba\u00f1o, donde fueron grabadas al menos cinco mujeres, dos de ellas trabajadoras del local, seg\u00fan un comunicado de la Comisar\u00eda Provincial.<\/p>   <p><a href=\"https:\/\/cadenaser.com\/tag\/benidorm\/a\/\" target=\"_blank\">Los hechos ocurrieron por la noche cuando las clientas del local dieron aviso a la Polic\u00eda Nacional, ya que sospechaban que pod\u00edan haber sido grabadas dentro de los aseos<\/a>. Manifestaron que hab\u00edan encontrado un cuadro con un agujero y que detr\u00e1s hab\u00eda un tel\u00e9fono m\u00f3vil que pod\u00eda haberlas grabado.<\/p>  <p><p>M\u00e1s informaci\u00f3n<\/p><figure><img loading=\"lazy\" decoding=\"async\" src=\"https:\/\/cadenaser.com\/resizer\/v2\/DVEC6GD2ORAB5JYADQ6W6LYTIE.jpg?auth=1dc2a73ca0afb7fe4cc78fddd0bc3aeef4bc28e414e9f57b8517b0716abd46d8&amp;quality=70&amp;width=360&amp;height=202&amp;smart=true\" width=\"820\" height=\"621\" \/><\/figure><ul><li><a href=\"https:\/\/cadenaser.com\/comunitat-valenciana\/2024\/11\/28\/los-bonos-consumo-vuelven-a-benidorm-con-un-importante-cambio-radio-benidorm\/\"><span>Los bonos consumo vuelven a Benidorm con un cambio importante<\/span><\/a><\/li><\/ul><\/p>   <p>Una patrulla del cuerpo se person\u00f3 en el establecimiento, donde se intervinieron el tel\u00e9fono m\u00f3vil y el cuadro que hab\u00eda sido manipulado para esconder el terminal.<\/p>   <p>Tras las primeras diligencias, se descubri\u00f3 que el supuesto autor era uno de los trabajadores del bar, quien fue detenido inmediatamente en el mismo lugar de los hechos.<\/p>   <p>     .c-w{         max-width:444px;         width:100%;         margin:32px auto;      background:#00755E;         border-radius:4px;         display:flex;         align-items:center;         justify-content:center;     }     .c-w a{         display:flex;         align-items:center;         justify-content:center;         padding:4px 24px;     }     .c-w img{         width:24px;         margin-right:12px;     }     .c-w p{         font:18px\/25px Poppins;         text-align:center;         color:#fff;         margin:0;     }     @media (max-width:444px){         .c-w a{             padding:4px 12px;         }         .c-w img{             width:24px;             margin-right:8px;         }         .c-w p{             font:14px\/25px Poppins;         }     }     @media (max-width:335px){         .c-w p{             font:13px\/25px Poppins;         }     }  <div class=\"c-w\">     <a href=\"https:\/\/www.whatsapp.com\/channel\/0029Va633PF9WtC4l7XUzh1e\" rel=\"nofollow\" target=\"_blank\">         <img decoding=\"async\" src=\"https:\/\/cadenaser.com\/estaticos\/recursosgraficos\/responsive\/img\/ico-whatsapp.svg\" alt=\"Whatsapp\">         <p>\u00danete al <b>canal de WhatsApp<\/b> de la SER<\/p>     <\/a> <\/div><\/p>   <p>Durante la investigaci\u00f3n posterior, los agentes averiguaron que el empleado pudo haber instalado el m\u00f3vil la v\u00edspera de su detenci\u00f3n, ya que hab\u00eda utilizado el aseo femenino para cambiarse de ropa antes de empezar su jornada laboral. <\/p>   <p>El detenido, que carec\u00eda de antecedentes y a quien se le imputa el delito de descubrimiento y revelaci\u00f3n de secretos, ha sido puesto a disposici\u00f3n del Juzgado de Instrucci\u00f3n de guardia de Benidorm y las diligencias contin\u00faan abiertas para determinar otras posibles v\u00edctimas. <\/p> ","protected":false},"excerpt":{"rendered":"<p>Detr\u00e1s de un cuadro con un agujero<\/p>\n","protected":false},"author":0,"featured_media":10865,"comment_status":"open","ping_status":"open","sticky":false,"template":"","format":"standard","meta":{"_acf_changed":false,"footnotes":""},"categories":[1],"tags":[],"class_list":["post-10864","post","type-post","status-publish","format-standard","has-post-thumbnail","hentry","category-sin-categoria"],"acf":{"ser_id":"CLU6PHROYJFMZNF2SLWNS2CVSU","ser_url":"https:\/\/cadenaser.com\/comunitat-valenciana\/2024\/12\/02\/un-camarero-de-benidorm-detenido-por-grabar-en-el-bano-del-bar-a-mujeres-con-un-movil-oculto-radio-benidorm\/"},"_links":{"self":[{"href":"https:\/\/serbenidorm.daliisolutions.com\/index.php\/wp-json\/wp\/v2\/posts\/10864","targetHints":{"allow":["GET"]}}],"collection":[{"href":"https:\/\/serbenidorm.daliisolutions.com\/index.php\/wp-json\/wp\/v2\/posts"}],"about":[{"href":"https:\/\/serbenidorm.daliisolutions.com\/index.php\/wp-json\/wp\/v2\/types\/post"}],"replies":[{"embeddable":true,"href":"https:\/\/serbenidorm.daliisolutions.com\/index.php\/wp-json\/wp\/v2\/comments?post=10864"}],"version-history":[{"count":0,"href":"https:\/\/serbenidorm.daliisolutions.com\/index.php\/wp-json\/wp\/v2\/posts\/10864\/revisions"}],"wp:featuredmedia":[{"embeddable":true,"href":"https:\/\/serbenidorm.daliisolutions.com\/index.php\/wp-json\/wp\/v2\/media\/10865"}],"wp:attachment":[{"href":"https:\/\/serbenidorm.daliisolutions.com\/index.php\/wp-json\/wp\/v2\/media?parent=10864"}],"wp:term":[{"taxonomy":"category","embeddable":true,"href":"https:\/\/serbenidorm.daliisolutions.com\/index.php\/wp-json\/wp\/v2\/categories?post=10864"},{"taxonomy":"post_tag","embeddable":true,"href":"https:\/\/serbenidorm.daliisolutions.com\/index.php\/wp-json\/wp\/v2\/tags?post=10864"}],"curies":[{"name":"wp","href":"https:\/\/api.w.org\/{rel}","templated":true}]}}