{"id":10866,"date":"2024-12-02T15:59:08","date_gmt":"2024-12-02T14:59:08","guid":{"rendered":"https:\/\/serbenidorm.daliisolutions.com\/index.php\/2024\/12\/02\/la-navidad-de-benidorm-ya-tiene-fechas-consulta-todo-el-programa\/"},"modified":"2024-12-02T15:59:08","modified_gmt":"2024-12-02T14:59:08","slug":"la-navidad-de-benidorm-ya-tiene-fechas-consulta-todo-el-programa","status":"publish","type":"post","link":"https:\/\/serbenidorm.daliisolutions.com\/index.php\/2024\/12\/02\/la-navidad-de-benidorm-ya-tiene-fechas-consulta-todo-el-programa\/","title":{"rendered":"La Navidad de Benidorm ya tiene fechas: consulta todo el programa"},"content":{"rendered":"  <p><div data-adtype=\"MLDB\"><\/div><\/p>   <p>Benidorm<\/p>   <p>La Navidad llegar\u00e1 a Benidorm este viernes 6 de diciembre. Nueva edici\u00f3n del <a href=\"https:\/\/cadenaser.com\/tag\/benidorm\/a\/\" target=\"_blank\">Beninadal<\/a> que se ha presentado este lunes y que volver\u00e1 a estar centralizada en dos puntos, la Plaza del Ayuntamiento y el Museo l\u2019Hort de Col\u00f3n.<\/p>   <p>El primero servir\u00e1 de nuevo como Plaza de la Navidad y ya se est\u00e1n instalando la pista de hielo, el carrusel y el resto de atracciones. Su inauguraci\u00f3n, con un espect\u00e1culo de luz y sonido, tendr\u00e1 lugar el viernes a las 19 h. y tambi\u00e9n servir\u00e1 para iluminar una veintena de calles, plazas y otros espacios de la ciudad.<\/p>  <p><p>M\u00e1s informaci\u00f3n<\/p><figure><img loading=\"lazy\" decoding=\"async\" src=\"https:\/\/cadenaser.com\/resizer\/v2\/ZR7OMAT24VCSRLMRLMDJCFDLJE.jpg?auth=2f6516e9efc50e38b7c6bd5641614a80e8ee44fcece1590d26c7c0c4d0cc88db&amp;quality=70&amp;width=360&amp;height=202&amp;smart=true\" width=\"820\" height=\"621\" \/><\/figure><ul><li><a href=\"https:\/\/cadenaser.com\/comunitat-valenciana\/2024\/11\/28\/los-bonos-consumo-vuelven-a-benidorm-con-un-importante-cambio-radio-benidorm\/\"><span>Los bonos consumo vuelven a Benidorm con un cambio importante<\/span><\/a><\/li><\/ul><\/p>   <p>Una hora antes, a las 18 h., se cortar\u00e1 la cinta del otro recinto destacado: la Casa de la Navidad, en la calle Tom\u00e1s Ortu\u00f1o, frente al mercado municipal.<\/p>   <p>Tambi\u00e9n se disfrutar\u00e1 durante diciembre de distintos eventos de danza o m\u00fasica con la colaboraci\u00f3n de las academias locales, del porrat en el Parque de Elche y de los belenes de la Barqueta, en su sede de Tom\u00e1s Ortu\u00f1o, 62, o el monumental del Ayuntamiento. Las figuras gigantes de los reyes viajan este a\u00f1o a la parte alta de Foietes.<\/p>   <p>La \u00faltima novedad tiene que ver con el concierto de a\u00f1o nuevo, que este a\u00f1o se celebrar\u00e1 por primera vez en el centro cultural de la avenida Europa. Las entradas para el recital de la Uni\u00f3n Musical de Benidorm y la soprano Marlene Aquino est\u00e1n a la venta desde hoy por diez euros en entradasatualcance.com.<\/p>   <p>     .c-w{         max-width:444px;         width:100%;         margin:32px auto;      background:#00755E;         border-radius:4px;         display:flex;         align-items:center;         justify-content:center;     }     .c-w a{         display:flex;         align-items:center;         justify-content:center;         padding:4px 24px;     }     .c-w img{         width:24px;         margin-right:12px;     }     .c-w p{         font:18px\/25px Poppins;         text-align:center;         color:#fff;         margin:0;     }     @media (max-width:444px){         .c-w a{             padding:4px 12px;         }         .c-w img{             width:24px;             margin-right:8px;         }         .c-w p{             font:14px\/25px Poppins;         }     }     @media (max-width:335px){         .c-w p{             font:13px\/25px Poppins;         }     }  <div class=\"c-w\">     <a href=\"https:\/\/www.whatsapp.com\/channel\/0029Va633PF9WtC4l7XUzh1e\" rel=\"nofollow\" target=\"_blank\">         <img decoding=\"async\" src=\"https:\/\/cadenaser.com\/estaticos\/recursosgraficos\/responsive\/img\/ico-whatsapp.svg\" alt=\"Whatsapp\">         <p>\u00danete al <b>canal de WhatsApp<\/b> de la SER<\/p>     <\/a> <\/div><\/p>   <p>Programa completo del Beninadal 2024<\/p>   <p>Viernes, 6 de diciembre<\/p>   <p><li>18:00 h. Inauguraci\u00f3n de la Casa de la Navidad y Visita de Pap\u00e1 Noel.<\/li><li>19:00 h. Espect\u00e1culo de Inauguraci\u00f3n de la Plaza de la Navidad.<\/li><\/p>   <p>S\u00e1bado, 7 de diciembre<\/p>   <p><li>12:00 &#8211; 14:00 h. Visita de Pap\u00e1 Noel &#8211; Casa de la Navidad<\/li><li>12:00 \u2013 14:00 h. Juegos Tradicionales &#8211; Plaza de la Navidad.<\/li><li>18:00 h. Actuaciones Infantiles- Plaza de la Navidad.<\/li><li>18:00 &#8211; 20:00 h. Visita de Pap\u00e1 Noel &#8211; Casa de la Navidad<\/li><\/p>   <p>Domingo, 8 de diciembre<\/p>   <p><li>12:00 \u2013 14:00 h. Visita de Pap\u00e1 Noel &#8211; Casa de la Navidad<\/li><li>12:00 \u2013 14:00 h. Juegos Tradicionales &#8211; Plaza de la Navidad<\/li><li>18:00 h. Actuaciones Infantiles &#8211; Plaza de la Navidad<\/li><li>18:00 h. Inauguraci\u00f3n del Bel\u00e9n de la A.C.R. La Barqueta.<\/li><li>18:00 &#8211; 20:00 h. Visita de Pap\u00e1 Noel &#8211; Casa de la Navidad<\/li><\/p>   <p>Jueves, 12 de diciembre<\/p>   <p><li>18:00 h. Conservatorio de Danza &#8211; Plaza de la Navidad<\/li><\/p>   <p>Viernes, 13 de diciembre<\/p>   <p><li>18:00-20:00h. Visita de Pap\u00e1 Noel &#8211; Casa de la Navidad<\/li><li>12:00 &#8211; 14:00 h. Visita de Pap\u00e1 Noel &#8211; Casa de la Navidad<\/li><\/p>   <p>S\u00e1bado, 14 de diciembre<\/p>   <p><li>12:00 \u2013 14:00 h. Juegos Tradicionales &#8211; Plaza de la Navidad<\/li><li>18:00 h. Espect\u00e1culo Musical \u201cEl Gran Taller de Navidad\u201d &#8211; Plaza de la Navidad<\/li><li>18:00 &#8211; 20:00 h. Visita de Pap\u00e1 Noel &#8211; Casa de la Navidad<\/li><\/p>   <p>Domingo, 15 de diciembre<\/p>   <p><li>12:00 h. Actuaci\u00f3n del Grupo Tramontana &#8211; Plaza de la Navidad<\/li><li>12:00 &#8211; 14:00 h. Visita de Pap\u00e1 Noel &#8211; Casa de la Navidad<\/li><li>12:00 \u2013 14:00 h. Juegos Tradicionales &#8211; Plaza de la Navidad<\/li><li>18:00 h. Actuaciones Infantiles &#8211; Plaza de la Navidad<\/li><li>18:00 &#8211; 20:00 h. Visita de Pap\u00e1 Noel &#8211; Casa de la Navidad<\/li><\/p>   <p>Martes, 17 de diciembre<\/p>   <p><li>18:00 h. Estudio de Danza de Mar\u00eda Jos\u00e9 Moya &#8211; Plaza de la Navidad<\/li><\/p>   <p>Mi\u00e9rcoles, 18 de diciembre<\/p>   <p><li>18:00 h. Estudio de Danza de Paqui Mora &#8211; Plaza de la Navidad<\/li><\/p>   <p>Jueves, 19 de diciembre<\/p>   <p><li>18:00 h. Estudio de Danza de Pilar Segura &#8211; Plaza de la Navidad<\/li><\/p>   <p>Viernes, 20 de diciembre<\/p>   <p><li>18:00 h. Boogie Block Dance Studio &#8211; Plaza de la Navidad<\/li><li>18:00 &#8211; 20:00 h. Visita de Pap\u00e1 Noel &#8211; Casa de la Navidad<\/li><\/p>   <p>S\u00e1bado, 21 de diciembre<\/p>   <p><li>12:00 &#8211; 14:00 h. Visita de Pap\u00e1 Noel &#8211; Casa de la Navidad<\/li><li>12:00 \u2013 14:00 h. Juegos Tradicionales &#8211; Plaza de la Navidad<\/li><li>18:00 h. Actuaciones Infantiles &#8211; Plaza de la Navidad<\/li><li>18:00 &#8211; 20:00 h. Visita de Pap\u00e1 Noel &#8211; Casa de la Navidad<\/li><\/p>   <p>Domingo, 22 de diciembre<\/p>   <p><li>12:00 &#8211; 14:00 h. Visita de Pap\u00e1 Noel &#8211; Casa de la Navidad<\/li><li>12:00 \u2013 14:00 h. Juegos Tradicionales &#8211; Plaza de la Navidad<\/li><li>18:00 h. Actuaciones Infantiles &#8211; Plaza de la Navidad<\/li><li>18:00 h. Gala de Navidad. S.M. La Nova. A beneficio de Aspanion. Donativo: 5\u20ac &#8211; Auditorio Centro Cultural<\/li><li>18:00 \u2013 20:00 h. Visita de Pap\u00e1 Noel &#8211; Casa de la Navidad<\/li><\/p>   <p>Lunes, 23 de diciembre<\/p>   <p><li>12:00 &#8211; 14:00 h. Visita de Pap\u00e1 Noel &#8211; Casa de la Navidad<\/li><li>12:00 \u2013 14:00 h. Juegos Tradicionales &#8211; Plaza de la Navidad<\/li><li>18:00 \u2013 20:00 h. Visita de Pap\u00e1 Noel &#8211; Casa de la Navidad<\/li><\/p>   <p>Martes, 24 de diciembre<\/p>   <p><li>12:00 \u2013 14:00 h. Juegos Tradicionales &#8211; Plaza de la Navidad<\/li><li>12:00 \u2013 14:00 h. Visita de Pap\u00e1 Noel &#8211; Casa de la Navidad<\/li><li>A partir de las 11:00 h. Fiesta Pre-Buena de la Comissi\u00f3 de Festes Majors Patronals 2025 &#8211; Plaza de la Navidad<\/li><\/p>   <p>Mi\u00e9rcoles, 25 de diciembre<\/p>   <p><li>18:00 h. Actuaciones Infantiles &#8211; Plaza de la Navidad<\/li><\/p>   <p>Jueves, 26 de diciembre<\/p>   <p><li>18:00 h. Actuaciones Infantiles &#8211; Plaza de la Navidad<\/li><li>18:00 h. Impossible. Espect\u00e1culo de magia. David Climent y \u00d3scar Magmalastruc &#8211; Auditorio Centro Cultural<\/li><\/p>   <p>Viernes, 27 de diciembre<\/p>   <p><li>18:00 h. Actuaciones Infantiles &#8211; Plaza de la Navidad<\/li><li>18:00 h. La Sirenita: una historia bajo el mar. Pinkerton &#8211; Auditorio Centro Cultural<\/li><\/p>   <p>S\u00e1bado, 28 de diciembre<\/p>   <p><li>12:00 \u2013 14:00 h. Juegos Tradicionales &#8211; Plaza de la Navidad<\/li><li>18:00 h. Actuaciones Infantiles &#8211; Plaza de la Navidad<\/li><\/p>   <p>Domingo, 29 de diciembre<\/p>   <p><li>12:00 \u2013 14:00 h. Juegos Tradicionales &#8211; Plaza de la Navidad<\/li><li>18:00 h. Actuaciones Infantiles &#8211; Plaza de la Navidad<\/li><\/p>   <p>Lunes, 30 de diciembre<\/p>   <p><li>18:00 h. Actuaciones Infantiles &#8211; Plaza de la Navidad<\/li><\/p>   <p>Martes, 31 de diciembre<\/p>   <p><li>A partir de las 11:00 h. Ma\u00f1aneo de Fin de A\u00f1o &#8211; Plaza de la Navidad<\/li><li>A partir de las 23:00 h. Gran Fiesta de Fin de A\u00f1o &#8211; Playa de Levante<\/li><\/p>   <p>Mi\u00e9rcoles, 1 de enero<\/p>   <p><li>12:00 h. Actuaci\u00f3n \u201cWhite Coast\u201d &#8211; Plaza de la Navidad<\/li><li>12:00 \u2013 14:00 h. Juegos Tradicionales &#8211; Plaza de la Navidad<\/li><li>18:00 h. Actuaciones Infantiles &#8211; Plaza de la Navidad.<\/li><li>19:00 h. Concierto de A\u00f1o Nuevo. Orquesta Uni\u00f3n Musical de Benidorm. Entrada: 10\u20ac www. <a href=\"http:\/\/entradasatualcance.com\/\" target=\"_blank\">entradasatualcance.com<\/a> &#8211; Auditorio Centro Cultural<\/li><\/p>   <p>Jueves, 2 de enero<\/p>   <p><li>18:00 h. Visita del Cartero Real &#8211; Plaza de la Navidad<\/li><\/p>   <p>Viernes, 3 de enero<\/p>   <p><li>18:00 h. Visita del Cartero Real &#8211; Plaza de la Navidad<\/li><\/p> ","protected":false},"excerpt":{"rendered":"<p>La iluminaci\u00f3n art\u00edstica llegar\u00e1 a una veintena de espacios p\u00fablicos<\/p>\n","protected":false},"author":0,"featured_media":10867,"comment_status":"open","ping_status":"open","sticky":false,"template":"","format":"standard","meta":{"_acf_changed":false,"footnotes":""},"categories":[1],"tags":[],"class_list":["post-10866","post","type-post","status-publish","format-standard","has-post-thumbnail","hentry","category-sin-categoria"],"acf":{"ser_id":"5D6KLUVVZJFPPDQ2YPP6Y35H4M","ser_url":"https:\/\/cadenaser.com\/comunitat-valenciana\/2024\/12\/02\/la-navidad-de-benidorm-ya-tiene-fechas-consulta-todo-el-programa-radio-benidorm\/"},"_links":{"self":[{"href":"https:\/\/serbenidorm.daliisolutions.com\/index.php\/wp-json\/wp\/v2\/posts\/10866","targetHints":{"allow":["GET"]}}],"collection":[{"href":"https:\/\/serbenidorm.daliisolutions.com\/index.php\/wp-json\/wp\/v2\/posts"}],"about":[{"href":"https:\/\/serbenidorm.daliisolutions.com\/index.php\/wp-json\/wp\/v2\/types\/post"}],"replies":[{"embeddable":true,"href":"https:\/\/serbenidorm.daliisolutions.com\/index.php\/wp-json\/wp\/v2\/comments?post=10866"}],"version-history":[{"count":0,"href":"https:\/\/serbenidorm.daliisolutions.com\/index.php\/wp-json\/wp\/v2\/posts\/10866\/revisions"}],"wp:featuredmedia":[{"embeddable":true,"href":"https:\/\/serbenidorm.daliisolutions.com\/index.php\/wp-json\/wp\/v2\/media\/10867"}],"wp:attachment":[{"href":"https:\/\/serbenidorm.daliisolutions.com\/index.php\/wp-json\/wp\/v2\/media?parent=10866"}],"wp:term":[{"taxonomy":"category","embeddable":true,"href":"https:\/\/serbenidorm.daliisolutions.com\/index.php\/wp-json\/wp\/v2\/categories?post=10866"},{"taxonomy":"post_tag","embeddable":true,"href":"https:\/\/serbenidorm.daliisolutions.com\/index.php\/wp-json\/wp\/v2\/tags?post=10866"}],"curies":[{"name":"wp","href":"https:\/\/api.w.org\/{rel}","templated":true}]}}