{"id":10868,"date":"2024-12-02T15:59:09","date_gmt":"2024-12-02T14:59:09","guid":{"rendered":"https:\/\/serbenidorm.daliisolutions.com\/index.php\/2024\/12\/02\/visit-benidorm-cierra-el-ano-con-200-acciones-promocionales-y-aprueba-un-presupuesto-de-16-millones-para-2025\/"},"modified":"2024-12-02T15:59:09","modified_gmt":"2024-12-02T14:59:09","slug":"visit-benidorm-cierra-el-ano-con-200-acciones-promocionales-y-aprueba-un-presupuesto-de-16-millones-para-2025","status":"publish","type":"post","link":"https:\/\/serbenidorm.daliisolutions.com\/index.php\/2024\/12\/02\/visit-benidorm-cierra-el-ano-con-200-acciones-promocionales-y-aprueba-un-presupuesto-de-16-millones-para-2025\/","title":{"rendered":"Visit Benidorm cierra el a\u00f1o con 200 acciones promocionales y aprueba un presupuesto de 1,6 millones para 2025"},"content":{"rendered":"  <p><div data-adtype=\"MLDB\"><\/div><\/p>   <p>Benidorm<\/p>   <p>La Fundaci\u00f3n Visit Benidorm contar\u00e1 con un presupuesto de 1.593.150 euros para el pr\u00f3ximo ejercicio 2025 con el que realizar sus acciones promocionales del destino y de co-working.<\/p>   <p>As\u00ed se ha aprobado hoy en la reuni\u00f3n ordinaria del Patronato de la Fundaci\u00f3n que tambi\u00e9n ha servido para hacer balance de las actuaciones realizadas durante este 2024, donde se ha desarrollado un total de<a href=\"https:\/\/cadenaser.com\/tag\/benidorm\/a\/\" target=\"_blank\"> 200 acciones promocionales en 22 pa\u00edses<\/a>. Entre estas acciones destacan diversos \u201cpress trip\u201d y \u201cblog trip\u201d que han tra\u00eddo hasta Benidorm a 63 periodistas y 35 \u2018influencers\u2019.<\/p>  <p><p>M\u00e1s informaci\u00f3n<\/p><figure><img loading=\"lazy\" decoding=\"async\" src=\"https:\/\/cadenaser.com\/resizer\/v2\/XXTCPRGVEZENFPH2N4JRXTJFMM.jpg?auth=79377b0a27eeceba6e5a5dd8e8458c62f51c7bd146eeb79c690ff6542eb12e66&amp;quality=70&amp;width=360&amp;height=202&amp;smart=true\" width=\"820\" height=\"621\" \/><\/figure><ul><li><a href=\"https:\/\/cadenaser.com\/comunitat-valenciana\/2024\/11\/28\/leire-bilbao-visit-benidorm-este-premio-viene-a-cerrar-muchas-bocas-radio-benidorm\/\"><span>Leire Bilbao (Visit Benidorm): \u00abEste premio viene a cerrar muchas bocas\u00bb<\/span><\/a><\/li><\/ul><\/p>   <p>Tambi\u00e9n han llegado hasta la ciudad 261 agentes de viaje en diversos \u2018fam trips\u2019 y se han establecido 626 contactos profesionales. La repercusi\u00f3n en los medios de comunicaci\u00f3n ha sido notable con un total de 199 art\u00edculos, a los que se han de a\u00f1adir otros 2.152 referentes al Benidorm Fest.<\/p>   <p>En lo que va de a\u00f1o, Visit Benidorm ha acudido a 37 asistencias a ferias y \u2018Street marketing\u2019, realizado 29 \u2018press trips\u2019 y \u2018blog trips\u2019, 23 \u2018fam trips\u2019, participado en 33 \u2018workshops\u2019, 31 presentaciones y desarrollado 31 acciones de comarketing y otras 16 actuaciones variadas.<\/p>   <p>El turismo deportivo, en el foco<\/p>   <p>El Plan Operativo de Acciones 2024 de Visit Benidorm tambi\u00e9n se hab\u00eda marcado como objetivo posicionar a Benidorm como un destino ideal de varios productos tur\u00edsticos. Se ha dado especial importancia a Benidorm como un destino para el turismo deportivo con modalidades espec\u00edficas para el ciclismo, golf, buceo o running. <\/p>   <p>     .c-w{         max-width:444px;         width:100%;         margin:32px auto;      background:#00755E;         border-radius:4px;         display:flex;         align-items:center;         justify-content:center;     }     .c-w a{         display:flex;         align-items:center;         justify-content:center;         padding:4px 24px;     }     .c-w img{         width:24px;         margin-right:12px;     }     .c-w p{         font:18px\/25px Poppins;         text-align:center;         color:#fff;         margin:0;     }     @media (max-width:444px){         .c-w a{             padding:4px 12px;         }         .c-w img{             width:24px;             margin-right:8px;         }         .c-w p{             font:14px\/25px Poppins;         }     }     @media (max-width:335px){         .c-w p{             font:13px\/25px Poppins;         }     }  <div class=\"c-w\">     <a href=\"https:\/\/www.whatsapp.com\/channel\/0029Va633PF9WtC4l7XUzh1e\" rel=\"nofollow\" target=\"_blank\">         <img decoding=\"async\" src=\"https:\/\/cadenaser.com\/estaticos\/recursosgraficos\/responsive\/img\/ico-whatsapp.svg\" alt=\"Whatsapp\">         <p>\u00danete al <b>canal de WhatsApp<\/b> de la SER<\/p>     <\/a> <\/div><\/p>   <p>Asimismo, se ha transmitido la visi\u00f3n de ser un destino accesible para las personas con diversidad funcional y se ha mostrado a la localidad como destino de congresos (MICE). Tambi\u00e9n como destino para localizaciones y realizaciones de producciones audiovisuales.<\/p>   <p>En cuanto a los segmentos principales, las acciones promocionales de Visit Benidorm han puesto el acento en Benidorm como un lugar tolerante y preferido por el sector LGBTQ+ y por el turismo familiar. <\/p> ","protected":false},"excerpt":{"rendered":"<p>\u00daltimo informe del 2024<\/p>\n","protected":false},"author":0,"featured_media":10869,"comment_status":"open","ping_status":"open","sticky":false,"template":"","format":"standard","meta":{"_acf_changed":false,"footnotes":""},"categories":[1],"tags":[],"class_list":["post-10868","post","type-post","status-publish","format-standard","has-post-thumbnail","hentry","category-sin-categoria"],"acf":{"ser_id":"5NOOBJFOURDC7CPU7JLR2AM4RY","ser_url":"https:\/\/cadenaser.com\/comunitat-valenciana\/2024\/12\/02\/visit-benidorm-cierra-el-ano-con-200-acciones-promocionales-y-aprueba-un-presupuesto-de-16-millones-para-2025-radio-benidorm\/"},"_links":{"self":[{"href":"https:\/\/serbenidorm.daliisolutions.com\/index.php\/wp-json\/wp\/v2\/posts\/10868","targetHints":{"allow":["GET"]}}],"collection":[{"href":"https:\/\/serbenidorm.daliisolutions.com\/index.php\/wp-json\/wp\/v2\/posts"}],"about":[{"href":"https:\/\/serbenidorm.daliisolutions.com\/index.php\/wp-json\/wp\/v2\/types\/post"}],"replies":[{"embeddable":true,"href":"https:\/\/serbenidorm.daliisolutions.com\/index.php\/wp-json\/wp\/v2\/comments?post=10868"}],"version-history":[{"count":0,"href":"https:\/\/serbenidorm.daliisolutions.com\/index.php\/wp-json\/wp\/v2\/posts\/10868\/revisions"}],"wp:featuredmedia":[{"embeddable":true,"href":"https:\/\/serbenidorm.daliisolutions.com\/index.php\/wp-json\/wp\/v2\/media\/10869"}],"wp:attachment":[{"href":"https:\/\/serbenidorm.daliisolutions.com\/index.php\/wp-json\/wp\/v2\/media?parent=10868"}],"wp:term":[{"taxonomy":"category","embeddable":true,"href":"https:\/\/serbenidorm.daliisolutions.com\/index.php\/wp-json\/wp\/v2\/categories?post=10868"},{"taxonomy":"post_tag","embeddable":true,"href":"https:\/\/serbenidorm.daliisolutions.com\/index.php\/wp-json\/wp\/v2\/tags?post=10868"}],"curies":[{"name":"wp","href":"https:\/\/api.w.org\/{rel}","templated":true}]}}