{"id":10896,"date":"2024-12-03T12:06:55","date_gmt":"2024-12-03T11:06:55","guid":{"rendered":"https:\/\/serbenidorm.daliisolutions.com\/index.php\/2024\/12\/03\/la-san-silvestre-de-benidorm-llenara-las-calles-el-22-de-diciembre\/"},"modified":"2024-12-03T12:06:55","modified_gmt":"2024-12-03T11:06:55","slug":"la-san-silvestre-de-benidorm-llenara-las-calles-el-22-de-diciembre","status":"publish","type":"post","link":"https:\/\/serbenidorm.daliisolutions.com\/index.php\/2024\/12\/03\/la-san-silvestre-de-benidorm-llenara-las-calles-el-22-de-diciembre\/","title":{"rendered":"La San Silvestre de Benidorm llenar\u00e1 las calles el 22 de diciembre"},"content":{"rendered":"  <p><div data-adtype=\"MLDB\"><\/div><\/p>   <p>Benidorm<\/p>   <p>Benidorm volver\u00e1 a acoger una nueva edici\u00f3n de la tradicional carrera San Silvestre. En esta ocasi\u00f3n la prueba se celebrar\u00e1 el pr\u00f3ximo domingo, 22 de diciembre y cumplir\u00e1 su decimocuarta edici\u00f3n. Con el nombre de San Silvestre Christmas Run Benidorm 2024, la carrera comenzar\u00e1 a las diez de la ma\u00f1ana en la confluencia de la avenida de Europa y la avenida de Madrid.<\/p>   <p>La distancia a recorrer ser\u00e1 de seis kil\u00f3metros que discurrir\u00e1n por el paseo de la playa de Levante. Igualmente, a esa misma hora saldr\u00e1n los participantes de la marcha n\u00f3rdica y los inscritos en la caminata senderista.<\/p>   <p>Un cuarto de hora antes de la carrera, se realizar\u00e1 el concurso de disfraces y a las 11.30 horas tendr\u00e1 lugar la salida de las carreras infantiles, as\u00ed como la entrega de premios. Adem\u00e1s, todos los ni\u00f1os y ni\u00f1as hasta los 13 a\u00f1os de edad que quieran participar tendr\u00e1n las inscripciones gratuitas.<\/p>   <p>Los interesados en inscribirse a la carrera y obtener m\u00e1s informaci\u00f3n del evento, pueden hacerlo en <a href=\"https:\/\/grupobrotons.com\/event\/xiv-san-silvestre-christmas-run-benidorm-2024\/\" rel=\"nofollow\" target=\"_blank\">https:\/\/grupobrotons.com\/event\/xiv-san-silvestre-christmas-run-benidorm-2024\/<\/a><\/p> ","protected":false},"excerpt":{"rendered":"<p>Los menores hasta los 13 a\u00f1os contar\u00e1n con inscripci\u00f3n gratuita<\/p>\n","protected":false},"author":0,"featured_media":10897,"comment_status":"open","ping_status":"open","sticky":false,"template":"","format":"standard","meta":{"_acf_changed":false,"footnotes":""},"categories":[16],"tags":[],"class_list":["post-10896","post","type-post","status-publish","format-standard","has-post-thumbnail","hentry","category-deportes"],"acf":{"ser_id":"QIGAKSRXS5ABXLN4MEQW4JVHCQ","ser_url":"https:\/\/cadenaser.com\/comunitat-valenciana\/2024\/12\/03\/la-san-silvestre-de-benidorm-llenara-las-calles-el-22-de-diciembre-radio-benidorm\/"},"_links":{"self":[{"href":"https:\/\/serbenidorm.daliisolutions.com\/index.php\/wp-json\/wp\/v2\/posts\/10896","targetHints":{"allow":["GET"]}}],"collection":[{"href":"https:\/\/serbenidorm.daliisolutions.com\/index.php\/wp-json\/wp\/v2\/posts"}],"about":[{"href":"https:\/\/serbenidorm.daliisolutions.com\/index.php\/wp-json\/wp\/v2\/types\/post"}],"replies":[{"embeddable":true,"href":"https:\/\/serbenidorm.daliisolutions.com\/index.php\/wp-json\/wp\/v2\/comments?post=10896"}],"version-history":[{"count":0,"href":"https:\/\/serbenidorm.daliisolutions.com\/index.php\/wp-json\/wp\/v2\/posts\/10896\/revisions"}],"wp:featuredmedia":[{"embeddable":true,"href":"https:\/\/serbenidorm.daliisolutions.com\/index.php\/wp-json\/wp\/v2\/media\/10897"}],"wp:attachment":[{"href":"https:\/\/serbenidorm.daliisolutions.com\/index.php\/wp-json\/wp\/v2\/media?parent=10896"}],"wp:term":[{"taxonomy":"category","embeddable":true,"href":"https:\/\/serbenidorm.daliisolutions.com\/index.php\/wp-json\/wp\/v2\/categories?post=10896"},{"taxonomy":"post_tag","embeddable":true,"href":"https:\/\/serbenidorm.daliisolutions.com\/index.php\/wp-json\/wp\/v2\/tags?post=10896"}],"curies":[{"name":"wp","href":"https:\/\/api.w.org\/{rel}","templated":true}]}}