{"id":10899,"date":"2024-12-03T17:41:30","date_gmt":"2024-12-03T16:41:30","guid":{"rendered":"https:\/\/serbenidorm.daliisolutions.com\/index.php\/2024\/12\/03\/los-pescadores-de-villajoyosa-en-guerra-con-europa-por-limitar-a-27-los-dias-laborales-en-2025\/"},"modified":"2024-12-03T17:41:30","modified_gmt":"2024-12-03T16:41:30","slug":"los-pescadores-de-villajoyosa-en-guerra-con-europa-por-limitar-a-27-los-dias-laborales-en-2025","status":"publish","type":"post","link":"https:\/\/serbenidorm.daliisolutions.com\/index.php\/2024\/12\/03\/los-pescadores-de-villajoyosa-en-guerra-con-europa-por-limitar-a-27-los-dias-laborales-en-2025\/","title":{"rendered":"Los pescadores de Villajoyosa, en guerra con Europa por limitar a 27 los d\u00edas laborales en 2025"},"content":{"rendered":"  <p><div data-adtype=\"MLDB\"><\/div><\/p>   <p>La Vila Joiosa<\/p>   <p>El pasado jueves 28 de noviembre, la Secretaria General de Pesca, Isabel Artime, traslad\u00f3 a diversas entidades pesqueras en una reuni\u00f3n organizada en Madrid, las nuevas medidas que pretende llevar a cabo la Comisi\u00f3n Europea: cuotas de pesca para diferentes especies a partir de este mes de diciembre y 27 d\u00edas laborales para 2025.<\/p>   <p>Tras conocerse la noticia y despu\u00e9s de varias reuniones, <a href=\"https:\/\/cadenaser.com\/tag\/vila_joiosa\/a\/\" target=\"_blank\">la Cofrad\u00eda de Pescadores de Villajoyosa ha decidido junto con el resto de Cofrad\u00edas de la Comunidad Valenciana y Catalu\u00f1a, frenar su actividad y cerrar las lonjas el lunes 9 y el martes 10 de diciembre, d\u00edas en lo que se decide en Bruselas la aplicaci\u00f3n de las nuevas medidas<\/a>. Para estos d\u00edas tambi\u00e9n se han convocado manifestaciones en Madrid, concretamente en el Paseo de la Castellana, frente a las oficinas del Parlamento Europeo en Espa\u00f1a.<\/p>  <p><p>M\u00e1s informaci\u00f3n<\/p><figure><img loading=\"lazy\" decoding=\"async\" src=\"https:\/\/cadenaser.com\/resizer\/v2\/6E7BKEGFTBC2DOSI5OAT5NGZCA.jpg?auth=3e5087b4246885312178ec6bc80a5ce9723c0fe9c3f91dcc357858e9fded2cf6&amp;quality=70&amp;width=360&amp;height=202&amp;smart=true\" width=\"820\" height=\"621\" \/><\/figure><ul><li><a href=\"https:\/\/cadenaser.com\/comunitat-valenciana\/2024\/12\/02\/la-politica-de-cuotas-de-pesca-pone-en-alerta-al-sector-pesquero-alicantino-radio-denia\/\"><span>La pol\u00edtica de cuotas de pesca pone en alerta al sector pesquero alicantino<\/span><\/a><\/li><\/ul><\/p>   <p>Con estas iniciativas, los pescadores, que han pasado de trabajar 240 d\u00edas en 2019 a 130 en 2024, pretenden mostrar su rechazo absoluto frente a las nuevas propuestas que la Comisi\u00f3n Europea plantea para los pr\u00f3ximos meses.<\/p>   <p>Miguel Felipe Solbes, Patr\u00f3n Mayor de la Cofrad\u00eda de Pescadores de Villajoyosa asegura que \u2018\u2019con la publicaci\u00f3n de estas \u00faltimas medidas, Europa no pretende revitalizar las poblaciones mermadas y garantizar la sostenibilidad medioambiental, que son los objetivos que se supone persigue el Plan Plurianual del Mediterr\u00e1neo, sino acabar de manera radical y sin piedad con la pesca, los miles de puestos de trabajos directos e indirectos que genera el sector y el derecho de los consumidores a una alimentaci\u00f3n de calidad\u2018\u2019.<\/p>   <p>Desde el sector se asegura que, de llevarse a cabo estas medidas, el producto al cual tendr\u00e1 acceso la poblaci\u00f3n en menos de un a\u00f1o ser\u00e1, o bien pescado proveniente de piscifactor\u00edas, o bien pescado de terceros pa\u00edses, que en muchas ocasiones no cumplen con las medidas sanitarias y de control que s\u00ed se exige para los productos espa\u00f1oles.<\/p>   <p>     .c-w{         max-width:444px;         width:100%;         margin:32px auto;      background:#00755E;         border-radius:4px;         display:flex;         align-items:center;         justify-content:center;     }     .c-w a{         display:flex;         align-items:center;         justify-content:center;         padding:4px 24px;     }     .c-w img{         width:24px;         margin-right:12px;     }     .c-w p{         font:18px\/25px Poppins;         text-align:center;         color:#fff;         margin:0;     }     @media (max-width:444px){         .c-w a{             padding:4px 12px;         }         .c-w img{             width:24px;             margin-right:8px;         }         .c-w p{             font:14px\/25px Poppins;         }     }     @media (max-width:335px){         .c-w p{             font:13px\/25px Poppins;         }     }  <div class=\"c-w\">     <a href=\"https:\/\/www.whatsapp.com\/channel\/0029Va633PF9WtC4l7XUzh1e\" rel=\"nofollow\" target=\"_blank\">         <img decoding=\"async\" src=\"https:\/\/cadenaser.com\/estaticos\/recursosgraficos\/responsive\/img\/ico-whatsapp.svg\" alt=\"Whatsapp\">         <p>\u00danete al <b>canal de WhatsApp<\/b> de la SER<\/p>     <\/a> <\/div><\/p> ","protected":false},"excerpt":{"rendered":"<p>El sector ha mostrado su rechazo a esta medida con el anuncio de huelgas, cierre de lonjas y manifestaciones en Madrid los d\u00edas 9 y 10 de diciembre<\/p>\n","protected":false},"author":0,"featured_media":10900,"comment_status":"open","ping_status":"open","sticky":false,"template":"","format":"standard","meta":{"_acf_changed":false,"footnotes":""},"categories":[1],"tags":[],"class_list":["post-10899","post","type-post","status-publish","format-standard","has-post-thumbnail","hentry","category-sin-categoria"],"acf":{"ser_id":"TGJNQSRZ6BABHH6G4KBYYXYFOA","ser_url":"https:\/\/cadenaser.com\/comunitat-valenciana\/2024\/12\/03\/los-pescadores-de-villajoyosa-en-guerra-con-europa-por-limitar-a-27-los-dias-laborales-en-2025-radio-benidorm\/"},"_links":{"self":[{"href":"https:\/\/serbenidorm.daliisolutions.com\/index.php\/wp-json\/wp\/v2\/posts\/10899","targetHints":{"allow":["GET"]}}],"collection":[{"href":"https:\/\/serbenidorm.daliisolutions.com\/index.php\/wp-json\/wp\/v2\/posts"}],"about":[{"href":"https:\/\/serbenidorm.daliisolutions.com\/index.php\/wp-json\/wp\/v2\/types\/post"}],"replies":[{"embeddable":true,"href":"https:\/\/serbenidorm.daliisolutions.com\/index.php\/wp-json\/wp\/v2\/comments?post=10899"}],"version-history":[{"count":0,"href":"https:\/\/serbenidorm.daliisolutions.com\/index.php\/wp-json\/wp\/v2\/posts\/10899\/revisions"}],"wp:featuredmedia":[{"embeddable":true,"href":"https:\/\/serbenidorm.daliisolutions.com\/index.php\/wp-json\/wp\/v2\/media\/10900"}],"wp:attachment":[{"href":"https:\/\/serbenidorm.daliisolutions.com\/index.php\/wp-json\/wp\/v2\/media?parent=10899"}],"wp:term":[{"taxonomy":"category","embeddable":true,"href":"https:\/\/serbenidorm.daliisolutions.com\/index.php\/wp-json\/wp\/v2\/categories?post=10899"},{"taxonomy":"post_tag","embeddable":true,"href":"https:\/\/serbenidorm.daliisolutions.com\/index.php\/wp-json\/wp\/v2\/tags?post=10899"}],"curies":[{"name":"wp","href":"https:\/\/api.w.org\/{rel}","templated":true}]}}