{"id":10901,"date":"2024-12-03T17:41:31","date_gmt":"2024-12-03T16:41:31","guid":{"rendered":"https:\/\/serbenidorm.daliisolutions.com\/index.php\/2024\/12\/03\/lalfas-del-pi-opta-a-una-subvencion-de-14-000-000-de-euros-del-nuevo-plan-edil-financiado-por-europa\/"},"modified":"2024-12-03T17:41:31","modified_gmt":"2024-12-03T16:41:31","slug":"lalfas-del-pi-opta-a-una-subvencion-de-14-000-000-de-euros-del-nuevo-plan-edil-financiado-por-europa","status":"publish","type":"post","link":"https:\/\/serbenidorm.daliisolutions.com\/index.php\/2024\/12\/03\/lalfas-del-pi-opta-a-una-subvencion-de-14-000-000-de-euros-del-nuevo-plan-edil-financiado-por-europa\/","title":{"rendered":"L\u2019Alf\u00e0s del Pi opta a una subvenci\u00f3n de 14.000.000 de euros del nuevo Plan EDIL financiado por Europa"},"content":{"rendered":"  <p><div data-adtype=\"MLDB\"><\/div><\/p>   <p>L&#8217;Alf\u00e0s del Pi<\/p>   <p>L\u2019Alf\u00e0s del Pi prev\u00e9 conseguir para 2025 subvenciones de fondos europeos por valor de m\u00e1s de 14 millones de euros. Para ello, tal y como ha anunciado su alcalde, Vicente Arques, en el tradicional desayuno navide\u00f1o con los medios, optar\u00e1n los fondos del nuevo Plan EDIL que abarca un periodo de actuaci\u00f3n desde 2025 a 2029.<\/p>   <p>La Estrategia de Desarrollo Integral Local  propuesta por L\u2019Alf\u00e0s asciende 14.172.664 euros y contempla una aportaci\u00f3n europea para los proyectos presentados del 60% frente al 40% que correr\u00e1 por cuenta de los Ayuntamientos.<\/p>   <p>Con estos fondos el Ayuntamiento pretende acometer actuaciones importantes como el Centro de formaci\u00f3n, empleo y emprendimiento  por 2.660.409 euros, un nuevo centro social de envejecimiento activo (1.085.941 euros), un espacio polivalente para la integraci\u00f3n de colectivos en la antigua casa del Metge (889.416 euros), fases II y III de la plataforma \u00fanica en el Paseo de las Estrellas (3.375.000 euros), cerramiento de la pista multideporte del polideportivo (1.187.500 euros), II y III fase de la adecuaci\u00f3n de cauces y ramblas, encauzamiento Barranco Hondo (3.974.397 euros) y el proyecto de captaci\u00f3n y desv\u00edo de aguas pluviales en zonas urbanas para prevenci\u00f3n de riesgo de inundaciones 1.000.000 euros.<\/p>   <p>En <a href=\"https:\/\/radiobenidorm.es\" rel=\"nofollow\" target=\"_blank\">Hoy por Hoy Benidorm<\/a>, Arques ha se\u00f1alado que \u201clos Ayuntamientos somos r\u00e1pidos a la hora de ejecutar las obras. Lo que es m\u00e1s costoso y se dilata m\u00e1s en el tiempo es la tramitaci\u00f3n de permisos y la elaboraci\u00f3n de proyectos, pero pensamos que L\u2019Alf\u00e0s del Pi podr\u00e1 tener estas actuaciones a disposici\u00f3n de los ciudadanos en unos cuatro a\u00f1os\u201d.<\/p>   <p>Adem\u00e1s este pr\u00f3ximo 2025 L\u2019Alf\u00e0s del Pi tambi\u00e9n acometer\u00e1 otras obras financiadas con fondos  europeos por valor 4.443.000 euros procedentes de dos Planes de Sostenibilidad Europeos. Concretamente los Planes de Sostenibilidad Tur\u00edstica en Destino, PSTD, 2022 y 2023. Actuaciones de mejora en el marco de la estrategia de sostenibilidad tur\u00edstica en destinos, dentro del Plan de recuperaci\u00f3n, transformaci\u00f3n y resiliencia -financiado al 100 % por la Uni\u00f3n Europea  Next Generation EU.<\/p>   <p>     .c-w{         max-width:444px;         width:100%;         margin:32px auto;      background:#00755E;         border-radius:4px;         display:flex;         align-items:center;         justify-content:center;     }     .c-w a{         display:flex;         align-items:center;         justify-content:center;         padding:4px 24px;     }     .c-w img{         width:24px;         margin-right:12px;     }     .c-w p{         font:18px\/25px Poppins;         text-align:center;         color:#fff;         margin:0;     }     @media (max-width:444px){         .c-w a{             padding:4px 12px;         }         .c-w img{             width:24px;             margin-right:8px;         }         .c-w p{             font:14px\/25px Poppins;         }     }     @media (max-width:335px){         .c-w p{             font:13px\/25px Poppins;         }     }  <div class=\"c-w\">     <a href=\"https:\/\/www.whatsapp.com\/channel\/0029Va633PF9WtC4l7XUzh1e\" rel=\"nofollow\" target=\"_blank\">         <img decoding=\"async\" src=\"https:\/\/cadenaser.com\/estaticos\/recursosgraficos\/responsive\/img\/ico-whatsapp.svg\" alt=\"Whatsapp\">         <p>\u00danete al <b>canal de WhatsApp<\/b> de la SER<\/p>     <\/a> <\/div><\/p>   <p>El procedimiento lleva todo el a\u00f1o en marcha y las obras comenzar\u00e1n de manera inminente. La modernizaci\u00f3n de todo el paseo mar\u00edtimo, Paseo de las Estrellas, para su reconversi\u00f3n en una plataforma \u00fanica accesible, dando m\u00e1s protagonismo al peat\u00f3n y ciclista, presupuestada en 964.000 euros. Tambi\u00e9n  la mejora de la movilidad, capacidad  y seguridad del Cam\u00ed Vell de Altea, Carretera CV-753, por 965.000 euros, o la adecuaci\u00f3n de cauces y ramblas, encauzamiento del Barranco Hondo entre Finca Roca y el Bulevar de los M\u00fasicos por 1.048.222 euros y mejora en la gesti\u00f3n de vertidos, reutilizaci\u00f3n del agua y reducci\u00f3n de fugas, vinculado al encauzamiento del Barranco Hondo, por 150.500 euros.<\/p> ","protected":false},"excerpt":{"rendered":"<p>Vicente Arques hace balance del ejercicio 2024 y presenta los principales proyectos para el a\u00f1o que viene<\/p>\n","protected":false},"author":0,"featured_media":10902,"comment_status":"open","ping_status":"open","sticky":false,"template":"","format":"standard","meta":{"_acf_changed":false,"footnotes":""},"categories":[1],"tags":[],"class_list":["post-10901","post","type-post","status-publish","format-standard","has-post-thumbnail","hentry","category-sin-categoria"],"acf":{"ser_id":"RTMBG27VXBDQ7OK32TYOZPF4KE","ser_url":"https:\/\/cadenaser.com\/comunitat-valenciana\/2024\/12\/03\/lalfas-del-pi-opta-a-una-subvencion-de-14000000-de-euros-del-nuevo-plan-edil-financiado-por-europa-radio-benidorm\/"},"_links":{"self":[{"href":"https:\/\/serbenidorm.daliisolutions.com\/index.php\/wp-json\/wp\/v2\/posts\/10901","targetHints":{"allow":["GET"]}}],"collection":[{"href":"https:\/\/serbenidorm.daliisolutions.com\/index.php\/wp-json\/wp\/v2\/posts"}],"about":[{"href":"https:\/\/serbenidorm.daliisolutions.com\/index.php\/wp-json\/wp\/v2\/types\/post"}],"replies":[{"embeddable":true,"href":"https:\/\/serbenidorm.daliisolutions.com\/index.php\/wp-json\/wp\/v2\/comments?post=10901"}],"version-history":[{"count":0,"href":"https:\/\/serbenidorm.daliisolutions.com\/index.php\/wp-json\/wp\/v2\/posts\/10901\/revisions"}],"wp:featuredmedia":[{"embeddable":true,"href":"https:\/\/serbenidorm.daliisolutions.com\/index.php\/wp-json\/wp\/v2\/media\/10902"}],"wp:attachment":[{"href":"https:\/\/serbenidorm.daliisolutions.com\/index.php\/wp-json\/wp\/v2\/media?parent=10901"}],"wp:term":[{"taxonomy":"category","embeddable":true,"href":"https:\/\/serbenidorm.daliisolutions.com\/index.php\/wp-json\/wp\/v2\/categories?post=10901"},{"taxonomy":"post_tag","embeddable":true,"href":"https:\/\/serbenidorm.daliisolutions.com\/index.php\/wp-json\/wp\/v2\/tags?post=10901"}],"curies":[{"name":"wp","href":"https:\/\/api.w.org\/{rel}","templated":true}]}}