{"id":10924,"date":"2024-12-04T09:41:18","date_gmt":"2024-12-04T08:41:18","guid":{"rendered":"https:\/\/serbenidorm.daliisolutions.com\/index.php\/2024\/12\/04\/el-paro-sube-en-la-marina-baixa-por-tercer-mes-consecutivo-hay-9-224-desempleados\/"},"modified":"2024-12-04T09:41:18","modified_gmt":"2024-12-04T08:41:18","slug":"el-paro-sube-en-la-marina-baixa-por-tercer-mes-consecutivo-hay-9-224-desempleados","status":"publish","type":"post","link":"https:\/\/serbenidorm.daliisolutions.com\/index.php\/2024\/12\/04\/el-paro-sube-en-la-marina-baixa-por-tercer-mes-consecutivo-hay-9-224-desempleados\/","title":{"rendered":"El paro sube en la Marina Baixa por tercer mes consecutivo: hay 9.224 desempleados"},"content":{"rendered":"  <p><div data-adtype=\"MLDB\"><\/div><\/p>   <p>Benidorm<\/p>   <p>En la Marina Baixa el paro ha aumentado en 224 personas durante noviembre. Se trata de un incremento superior al de septiembre y octubre, cuando solo se cifr\u00f3 en 29 y 189 personas respectivamente, y que deja el <a href=\"https:\/\/cadenaser.com\/tag\/comarca_la_marina_baixa\/a\/\" target=\"_blank\">total de desempleados registrados en la comarca en 9.224<\/a>, seg\u00fan los datos del Servicio Valenciano de Empleo (LABORA).<\/p>  <p><p>M\u00e1s informaci\u00f3n<\/p><figure><img loading=\"lazy\" decoding=\"async\" src=\"https:\/\/cadenaser.com\/resizer\/v2\/LEPIHOIF2NEJVH2U6DAYZ5WUTE.jpeg?auth=3320dd774631c4e1ce1db7691fab57d211e53bd71fa94dd1c7b67516831dea99&amp;quality=70&amp;width=360&amp;height=202&amp;smart=true\" width=\"820\" height=\"621\" \/><\/figure><ul><li><a href=\"https:\/\/cadenaser.com\/comunitat-valenciana\/2024\/12\/03\/los-pescadores-de-villajoyosa-en-guerra-con-europa-por-limitar-a-27-los-dias-laborales-en-2025-radio-benidorm\/\"><span>Los pescadores de Villajoyosa, en guerra con Europa por limitar a 27 los d\u00edas laborales en 2025<\/span><\/a><\/li><\/ul><\/p>   <p>El sector de los servicios vuelve a ser el m\u00e1s afectado, como ha destacado la secretaria general de UGT en l&#8217;Alacant\u00ed y Les Marines Yolanda D\u00edaz: \u00abNo son buenos datos y el 58 % de esa subida del paro tiene rostro de mujer\u00bb.<\/p>   <p>El secretario de Di\u00e1logo Social de Comisiones Obreras en la Comunitat Valenciana, Dani Pati\u00f1o, ha vuelto a poner el foco en la necesidad de incrementar el peso de otros sectores: \u00abEmpleos que avancen en la transici\u00f3n ecol\u00f3gica como la rehabilitaci\u00f3n de la vivienda, el sector primario, la gesti\u00f3n de recursos naturales o la educaci\u00f3n ambiental\u00bb. En definitiva, \u00abnichos de empleo decentes\u00bb.<\/p>   <p>Adem\u00e1s, ha ca\u00eddo a la mitad el n\u00famero de nuevos contratos en la comarca: de los m\u00e1s de 5.000 firmados durante octubre a los 2.500 de noviembre.<\/p>   <p>La hosteler\u00eda se lleva por delante 2.452 empleos en la provincia<\/p>   <p>El conjunto de Alicante a contracorriente. Sube el paro en el mes de noviembre en 522 personas por el sector servicios y el colectivo sin empleo anterior. Es la provincia espa\u00f1ola en la que m\u00e1s ha crecido el desempleo de las 20 en las que ha subido.<\/p>   <p>     .c-w{         max-width:444px;         width:100%;         margin:32px auto;      background:#00755E;         border-radius:4px;         display:flex;         align-items:center;         justify-content:center;     }     .c-w a{         display:flex;         align-items:center;         justify-content:center;         padding:4px 24px;     }     .c-w img{         width:24px;         margin-right:12px;     }     .c-w p{         font:18px\/25px Poppins;         text-align:center;         color:#fff;         margin:0;     }     @media (max-width:444px){         .c-w a{             padding:4px 12px;         }         .c-w img{             width:24px;             margin-right:8px;         }         .c-w p{             font:14px\/25px Poppins;         }     }     @media (max-width:335px){         .c-w p{             font:13px\/25px Poppins;         }     }  <div class=\"c-w\">     <a href=\"https:\/\/www.whatsapp.com\/channel\/0029Va633PF9WtC4l7XUzh1e\" rel=\"nofollow\" target=\"_blank\">         <img decoding=\"async\" src=\"https:\/\/cadenaser.com\/estaticos\/recursosgraficos\/responsive\/img\/ico-whatsapp.svg\" alt=\"Whatsapp\">         <p>\u00danete al <b>canal de WhatsApp<\/b> de la SER<\/p>     <\/a> <\/div><\/p> ","protected":false},"excerpt":{"rendered":"<p>Caen a la mitad las nuevas contrataciones<\/p>\n","protected":false},"author":0,"featured_media":10925,"comment_status":"open","ping_status":"open","sticky":false,"template":"","format":"standard","meta":{"_acf_changed":false,"footnotes":""},"categories":[1],"tags":[],"class_list":["post-10924","post","type-post","status-publish","format-standard","has-post-thumbnail","hentry","category-sin-categoria"],"acf":{"ser_id":"23XDQWO33BE3HA4SWR6VWFVLCA","ser_url":"https:\/\/cadenaser.com\/comunitat-valenciana\/2024\/12\/03\/el-paro-sube-en-la-marina-baixa-por-tercer-mes-consecutivo-hay-9224-desempleados-radio-benidorm\/"},"_links":{"self":[{"href":"https:\/\/serbenidorm.daliisolutions.com\/index.php\/wp-json\/wp\/v2\/posts\/10924","targetHints":{"allow":["GET"]}}],"collection":[{"href":"https:\/\/serbenidorm.daliisolutions.com\/index.php\/wp-json\/wp\/v2\/posts"}],"about":[{"href":"https:\/\/serbenidorm.daliisolutions.com\/index.php\/wp-json\/wp\/v2\/types\/post"}],"replies":[{"embeddable":true,"href":"https:\/\/serbenidorm.daliisolutions.com\/index.php\/wp-json\/wp\/v2\/comments?post=10924"}],"version-history":[{"count":0,"href":"https:\/\/serbenidorm.daliisolutions.com\/index.php\/wp-json\/wp\/v2\/posts\/10924\/revisions"}],"wp:featuredmedia":[{"embeddable":true,"href":"https:\/\/serbenidorm.daliisolutions.com\/index.php\/wp-json\/wp\/v2\/media\/10925"}],"wp:attachment":[{"href":"https:\/\/serbenidorm.daliisolutions.com\/index.php\/wp-json\/wp\/v2\/media?parent=10924"}],"wp:term":[{"taxonomy":"category","embeddable":true,"href":"https:\/\/serbenidorm.daliisolutions.com\/index.php\/wp-json\/wp\/v2\/categories?post=10924"},{"taxonomy":"post_tag","embeddable":true,"href":"https:\/\/serbenidorm.daliisolutions.com\/index.php\/wp-json\/wp\/v2\/tags?post=10924"}],"curies":[{"name":"wp","href":"https:\/\/api.w.org\/{rel}","templated":true}]}}