{"id":10927,"date":"2024-12-04T17:06:44","date_gmt":"2024-12-04T16:06:44","guid":{"rendered":"https:\/\/serbenidorm.daliisolutions.com\/index.php\/2024\/12\/04\/felipe-orts-en-dublin-no-encontramos-tabernas-para-celebrar-pero-si-gano-en-benidorm\/"},"modified":"2024-12-04T17:06:44","modified_gmt":"2024-12-04T16:06:44","slug":"felipe-orts-en-dublin-no-encontramos-tabernas-para-celebrar-pero-si-gano-en-benidorm","status":"publish","type":"post","link":"https:\/\/serbenidorm.daliisolutions.com\/index.php\/2024\/12\/04\/felipe-orts-en-dublin-no-encontramos-tabernas-para-celebrar-pero-si-gano-en-benidorm\/","title":{"rendered":"Felipe Orts: \u00abEn Dubl\u00edn no encontramos tabernas para celebrar, pero si gano en Benidorm\u2026\u201d"},"content":{"rendered":"  <p><div data-adtype=\"MLDB\"><\/div><\/p>   <p>Benidorm<\/p>   <p>El pr\u00f3ximo viernes, 6 de diciembre, la playa de El Torres de La Vila Joiosa acoger\u00e1 la quinta edici\u00f3n del <a href=\"https:\/\/cadenaser.com\/tag\/felipe_orts_lloret\/a\/\" target=\"_blank\">Gran Premio Felipe Orts<\/a>, una prueba en la que el actual <a href=\"https:\/\/cadenaser.com\/comunitat-valenciana\/2024\/11\/03\/felipe-orts-subcampeon-de-europa-radio-benidorm\/\" target=\"_blank\">subcampe\u00f3n de Europa de ciclocross<\/a> no podr\u00e1 competir debido a un cambio de normativa introducido por la Uni\u00f3n Ciclista Internacional este mismo a\u00f1o, pero en la que volver\u00e1 a estar presente como parte de la organizaci\u00f3n y, sobre todo, para estar junto a todo ese p\u00fablico que este invierno s\u00f3lo podr\u00e1 verle tres veces compitiendo en Espa\u00f1a.<\/p>   <p>La primera de esas tres apariciones, de hecho, ya se produjo <a href=\"https:\/\/cadenaser.com\/comunitat-valenciana\/2024\/11\/06\/felipe-orts-sigo-en-una-nube-fue-un-dia-que-siempre-suenas-y-muchas-veces-nunca-llega-radio-benidorm\/\" target=\"_blank\">en Pontevedra, donde se colg\u00f3 la medalla de plata en el Campeonato de Europa<\/a>. La pr\u00f3xima vez que Orts compita en suelo patrio ser\u00e1 con motivo del Campeonato de Espa\u00f1a, donde buscar\u00e1 el s\u00e9ptimo entorchado y, con \u00e9l, convertirse en el ciclista con m\u00e1s t\u00edtulos de la historia. Por \u00faltimo, y esa ser\u00e1 la fecha m\u00e1s especial de todas, el 19 de enero estar\u00e1, una vez m\u00e1s, en la Copa del Mundo de Benidorm.<\/p>  <p><p>M\u00e1s informaci\u00f3n<\/p><figure><img loading=\"lazy\" decoding=\"async\" src=\"https:\/\/cadenaser.com\/resizer\/v2\/KOEC7MEQZ5AJPGMLIPAPAABTLU.jpg?auth=9817f02a64253461c46d462144fe72985bd776a6f589b42e8796e1d5362e7ab5&amp;quality=70&amp;width=360&amp;height=202&amp;smart=true\" width=\"820\" height=\"621\" \/><\/figure><ul><li><a href=\"https:\/\/cadenaser.com\/tag\/felipe_orts_lloret\/a\/\"><span>Todas las noticias de Felipe Orts<\/span><\/a><\/li><\/ul><\/p>   <p><a href=\"https:\/\/cadenaser.com\/comunitat-valenciana\/2024\/12\/01\/felipe-orts-firma-el-primer-podio-espanol-en-una-copa-del-mundo-radio-benidorm\/\" target=\"_blank\">Despu\u00e9s de conseguir, el pasado domingo, el primer podio de la historia del ciclismo espa\u00f1ol en esa m\u00e1xima categor\u00eda de la especialidad invernal<\/a>, Felipe Orts ha pasado por los estudios de Radio Benidorm-SER acompa\u00f1ado por el presidente del Club Ciclista Aitana-La Vila, Jos\u00e9 Vicente Soler, para presentar esa prueba del pr\u00f3ximo viernes.<\/p>   <p>Durante su participaci\u00f3n en <a href=\"https:\/\/cadenaser.com\/radio-benidorm\/ser-deportivos-benidorm\/\" target=\"_blank\">SER Deportivos Marina Baixa<\/a>, reconoc\u00eda que el pr\u00f3ximo gran objetivo en su imparable progresi\u00f3n es, ya de manera decidida, ir a por un triunfo en la Copa del Mundo. \u201cCon los resultados que estaba teniendo en este inicio de temporada, el primer objetivo ten\u00eda que ser el podio\u201d, asegura y a\u00f1ade, sin complejos que, tras lograrlo, \u201ces un objetivo realista ganar una carrera de este nivel\u201d.<\/p>   <p>En ese mismo sentido, asegura que tras haber alcanzado ya ese primer puesto de honor, \u201cya no tengo esa presi\u00f3n de tener que conseguir el podio y eso es algo que, a partir de ahora, me va a permitir arriesgar un poco m\u00e1s en alg\u00fan momento de la carrera\u201d.<\/p>   <p>     .c-w{         max-width:444px;         width:100%;         margin:32px auto;      background:#00755E;         border-radius:4px;         display:flex;         align-items:center;         justify-content:center;     }     .c-w a{         display:flex;         align-items:center;         justify-content:center;         padding:4px 24px;     }     .c-w img{         width:24px;         margin-right:12px;     }     .c-w p{         font:18px\/25px Poppins;         text-align:center;         color:#fff;         margin:0;     }     @media (max-width:444px){         .c-w a{             padding:4px 12px;         }         .c-w img{             width:24px;             margin-right:8px;         }         .c-w p{             font:14px\/25px Poppins;         }     }     @media (max-width:335px){         .c-w p{             font:13px\/25px Poppins;         }     }  <div class=\"c-w\">     <a href=\"https:\/\/www.whatsapp.com\/channel\/0029Va633PF9WtC4l7XUzh1e\" rel=\"nofollow\" target=\"_blank\">         <img decoding=\"async\" src=\"https:\/\/cadenaser.com\/estaticos\/recursosgraficos\/responsive\/img\/ico-whatsapp.svg\" alt=\"Whatsapp\">         <p>\u00danete al <b>canal de WhatsApp<\/b> de la SER<\/p>     <\/a> <\/div><\/p>   <p>Al fin y al cabo, sigue explicando \u201csi por tomar esos riesgos extra pierdes el podio, ya no es el primero. Es algo que ya has conseguido. Ahora puedes arriesgar para ir a por la victoria y, sinceramente, si sigo a este nivel, no tardar\u00e1 en llegar\u201d.<\/p>   <p>\u00bfY si esa primera victoria en la <a href=\"https:\/\/cadenaser.com\/comunitat-valenciana\/2024\/11\/26\/la-campeona-del-mundo-fem-van-empel-buscara-su-tercer-triunfo-en-benidorm-radio-benidorm\/\" target=\"_blank\">Copa del Mundo llegara en Benidorm<\/a>? Felipe Orts bromea y afirma que \u201csi llega en Benidorm\u2026 tendremos que acabar la temporada ah\u00ed, porque en Dubl\u00edn no encontramos tabernas, pero en Benidorm, seguro que s\u00ed\u201d.<\/p>   <p><b>Apoyo a la base y promoci\u00f3n del ciclocross<\/b><\/p>   <p>En relaci\u00f3n a ese V Gran Premio Felipe Orts, el seis veces campe\u00f3n de Espa\u00f1a ha asegurado que \u201cme gustar\u00eda estar corriendo el viernes, pero ahora los 20 primeros de ranking UCI no podemos participar en carreras de nivel nacional\u201d.<\/p>   <p>Pese a todo, el mejor \u2018crosser\u2019 de la historia del ciclismo espa\u00f1ol no faltar\u00e1 a la cita que, organizada por el Club Ciclista Aitana-La Vila, lleva su nombre. Una carrera en la que \u201cestar\u00e9 como parte de la organizaci\u00f3n y con la que todos queremos <a href=\"https:\/\/cadenaser.com\/tag\/ciclocross\/a\/\" target=\"_blank\">acercar el ciclocross a todos los vileros y a cualquier persona que quiera disfrutar de la ma\u00f1ana<\/a>\u201d.<\/p>  <p><p>M\u00e1s informaci\u00f3n<\/p><figure><img loading=\"lazy\" decoding=\"async\" src=\"https:\/\/cadenaser.com\/resizer\/v2\/TZDOQF6ANRHQBN4KFEECZQQRJM.jpg?auth=f610d3c98a5d1ece28819960a293ca74987b74b37197740ee74032792292112d&amp;quality=70&amp;width=360&amp;height=202&amp;smart=true\" width=\"820\" height=\"621\" \/><\/figure><ul><li><a href=\"https:\/\/cadenaser.com\/comunitat-valenciana\/2024\/11\/14\/la-copa-del-mundo-de-ciclocross-de-benidorm-se-adentrara-mas-en-el-moralet-radio-benidorm\/\"><span>La Copa del Mundo de ciclocross de Benidorm se adentrar\u00e1 m\u00e1s en El Moralet<\/span><\/a><\/li><\/ul><\/p>   <p>Felipe Orts, que el domingo afrontar\u00e1 la prueba de la Copa del Mundo de Cabras (Italia), reconoce que esa fiesta del viernes \u201ces un d\u00eda especial para m\u00ed tambi\u00e9n\u201d ya que, alejado de la competici\u00f3n de alt\u00edsimo nivel \u201ces muy bonito poder estar ah\u00ed para fomentar la disciplina y no tanto para competir. Es muy distinto. Estar\u00e9 al otro lado de las cintas, pero tambi\u00e9n lo voy a disfrutar\u201d<\/p>   <p>Adem\u00e1s, el que actualmente es uno de los mejores ciclistas invernales del mundo, no ha olvidado sus inicios en este tipo de pruebas de car\u00e1cter nacional. De hecho el V Gran Premio Felipe Orts contar\u00e1 en su programa con pruebas para todas las categor\u00edas de base y es que, como reconoce el propio corredor, \u201clo importante es que el ciclocross siga creciendo y para poder llegar alg\u00fan d\u00eda a la Copa del Mundo, primero hay que pasar por estas carreras\u201d.<\/p> ","protected":false},"excerpt":{"rendered":"<p>La playa de El Torres de La Vila Joiosa acoge este viernes la quinta edici\u00f3n del GP Felipe Orts con la presencia del propio corredor<\/p>\n","protected":false},"author":0,"featured_media":10928,"comment_status":"open","ping_status":"open","sticky":false,"template":"","format":"standard","meta":{"_acf_changed":false,"footnotes":""},"categories":[16],"tags":[],"class_list":["post-10927","post","type-post","status-publish","format-standard","has-post-thumbnail","hentry","category-deportes"],"acf":{"ser_id":"Q2MIFYOFVNATNIUN2VQZNCKFII","ser_url":"https:\/\/cadenaser.com\/comunitat-valenciana\/2024\/12\/04\/felipe-orts-en-dublin-no-encontramos-tabernas-para-celebrar-pero-si-gano-en-benidorm-radio-benidorm\/"},"_links":{"self":[{"href":"https:\/\/serbenidorm.daliisolutions.com\/index.php\/wp-json\/wp\/v2\/posts\/10927","targetHints":{"allow":["GET"]}}],"collection":[{"href":"https:\/\/serbenidorm.daliisolutions.com\/index.php\/wp-json\/wp\/v2\/posts"}],"about":[{"href":"https:\/\/serbenidorm.daliisolutions.com\/index.php\/wp-json\/wp\/v2\/types\/post"}],"replies":[{"embeddable":true,"href":"https:\/\/serbenidorm.daliisolutions.com\/index.php\/wp-json\/wp\/v2\/comments?post=10927"}],"version-history":[{"count":0,"href":"https:\/\/serbenidorm.daliisolutions.com\/index.php\/wp-json\/wp\/v2\/posts\/10927\/revisions"}],"wp:featuredmedia":[{"embeddable":true,"href":"https:\/\/serbenidorm.daliisolutions.com\/index.php\/wp-json\/wp\/v2\/media\/10928"}],"wp:attachment":[{"href":"https:\/\/serbenidorm.daliisolutions.com\/index.php\/wp-json\/wp\/v2\/media?parent=10927"}],"wp:term":[{"taxonomy":"category","embeddable":true,"href":"https:\/\/serbenidorm.daliisolutions.com\/index.php\/wp-json\/wp\/v2\/categories?post=10927"},{"taxonomy":"post_tag","embeddable":true,"href":"https:\/\/serbenidorm.daliisolutions.com\/index.php\/wp-json\/wp\/v2\/tags?post=10927"}],"curies":[{"name":"wp","href":"https:\/\/api.w.org\/{rel}","templated":true}]}}