{"id":10953,"date":"2024-12-04T19:21:46","date_gmt":"2024-12-04T18:21:46","guid":{"rendered":"https:\/\/serbenidorm.daliisolutions.com\/index.php\/2024\/12\/04\/altea-y-benidorm-los-destinos-favoritos-de-la-comunitat-valenciana-para-este-puente\/"},"modified":"2024-12-04T19:21:46","modified_gmt":"2024-12-04T18:21:46","slug":"altea-y-benidorm-los-destinos-favoritos-de-la-comunitat-valenciana-para-este-puente","status":"publish","type":"post","link":"https:\/\/serbenidorm.daliisolutions.com\/index.php\/2024\/12\/04\/altea-y-benidorm-los-destinos-favoritos-de-la-comunitat-valenciana-para-este-puente\/","title":{"rendered":"Altea y Benidorm, los destinos favoritos de la Comunitat Valenciana para este puente"},"content":{"rendered":"  <p><div data-adtype=\"MLDB\"><\/div><\/p>   <p>Benidorm<\/p>   <p>La patronal hotelera afronta con optimismo el inminente puente de la Constituci\u00f3n y de la Inmaculada ya que, a falta de 48 horas para su inicio \u2018oficial\u2019 con el festivo del 6 de diciembre, Benidorm se posiciona nuevamente como uno de los destinos m\u00e1s destacados con una previsi\u00f3n del 85,4% de ocupaci\u00f3n.<\/p>   <p>Otros puntos de la Costa Blanca tambi\u00e9n muestran resultados prometedores: <a href=\"https:\/\/cadenaser.com\/tag\/altea\/a\/\" target=\"_blank\">Altea lidera con un destacado 91,8% de ocupaci\u00f3n<\/a>, mientras que Calpe y L&#8217;Alf\u00e0s del Pi alcanzan un 72,1% y un 72,6%, respectivamente, consolidando su atractivo tanto para el turismo nacional como extranjero.<\/p>  <p><p>M\u00e1s informaci\u00f3n<\/p><figure><img loading=\"lazy\" decoding=\"async\" src=\"https:\/\/cadenaser.com\/resizer\/v2\/PR5JHRFIABCP5OWFJC4J54MTVU.jpg?auth=3ccc86811d2704c2bff8decfad2bd25605cabfab963fcca5265946b764e6c6e7&amp;quality=70&amp;width=360&amp;height=202&amp;smart=true\" width=\"820\" height=\"621\" \/><\/figure><ul><li><a href=\"https:\/\/cadenaser.com\/comunitat-valenciana\/2024\/12\/02\/la-navidad-de-benidorm-ya-tiene-fechas-consulta-todo-el-programa-radio-benidorm\/\"><span>La Navidad de Benidorm ya tiene fechas: consulta todo el programa<\/span><\/a><\/li><\/ul><\/p>   <p>Cabe destacar que los datos de la Costa Blanca (excluyendo Benidorm) anotan un 77,5% de ocupaci\u00f3n para este puente. Adem\u00e1s, estas cifras corresponden a reservas confirmadas en los sistemas de gesti\u00f3n hotelera, por lo que se prev\u00e9 un aumento significativo gracias a las reservas de \u00faltima hora.<\/p>   <p>Buenos datos en noviembre<\/p>   <p>Los datos definitivos de ocupaci\u00f3n hotelera de Hosbec en noviembre reflejan que<a href=\"https:\/\/cadenaser.com\/tag\/benidorm\/a\/\" target=\"_blank\"> Benidorm alcanz\u00f3 un 78% de media mensual, m\u00e1s de tres puntos por encima del a\u00f1o pasado<\/a> y destacando la primera quincena cuando se super\u00f3 el 81%. En cuanto a mercados, destaca el brit\u00e1nico con un 45,8%, seguido del nacional (38%) y, a mayor distancia, el belga (4,8%).<\/p> ","protected":false},"excerpt":{"rendered":"<p>Las reservas en ambos destinos superan el 85%<\/p>\n","protected":false},"author":0,"featured_media":10954,"comment_status":"open","ping_status":"open","sticky":false,"template":"","format":"standard","meta":{"_acf_changed":false,"footnotes":""},"categories":[1],"tags":[],"class_list":["post-10953","post","type-post","status-publish","format-standard","has-post-thumbnail","hentry","category-sin-categoria"],"acf":{"ser_id":"NC7Z4ZOG2RCMJOSLTPKQWLSDDU","ser_url":"https:\/\/cadenaser.com\/comunitat-valenciana\/2024\/12\/04\/altea-y-benidorm-los-destinos-favoritos-de-la-comunitat-valenciana-para-este-puente-radio-benidorm\/"},"_links":{"self":[{"href":"https:\/\/serbenidorm.daliisolutions.com\/index.php\/wp-json\/wp\/v2\/posts\/10953","targetHints":{"allow":["GET"]}}],"collection":[{"href":"https:\/\/serbenidorm.daliisolutions.com\/index.php\/wp-json\/wp\/v2\/posts"}],"about":[{"href":"https:\/\/serbenidorm.daliisolutions.com\/index.php\/wp-json\/wp\/v2\/types\/post"}],"replies":[{"embeddable":true,"href":"https:\/\/serbenidorm.daliisolutions.com\/index.php\/wp-json\/wp\/v2\/comments?post=10953"}],"version-history":[{"count":0,"href":"https:\/\/serbenidorm.daliisolutions.com\/index.php\/wp-json\/wp\/v2\/posts\/10953\/revisions"}],"wp:featuredmedia":[{"embeddable":true,"href":"https:\/\/serbenidorm.daliisolutions.com\/index.php\/wp-json\/wp\/v2\/media\/10954"}],"wp:attachment":[{"href":"https:\/\/serbenidorm.daliisolutions.com\/index.php\/wp-json\/wp\/v2\/media?parent=10953"}],"wp:term":[{"taxonomy":"category","embeddable":true,"href":"https:\/\/serbenidorm.daliisolutions.com\/index.php\/wp-json\/wp\/v2\/categories?post=10953"},{"taxonomy":"post_tag","embeddable":true,"href":"https:\/\/serbenidorm.daliisolutions.com\/index.php\/wp-json\/wp\/v2\/tags?post=10953"}],"curies":[{"name":"wp","href":"https:\/\/api.w.org\/{rel}","templated":true}]}}