{"id":10955,"date":"2024-12-04T19:21:51","date_gmt":"2024-12-04T18:21:51","guid":{"rendered":"https:\/\/serbenidorm.daliisolutions.com\/index.php\/2024\/12\/04\/consulta-toda-la-programacion-navidena-de-la-nadala-en-la-vila-joiosa\/"},"modified":"2024-12-04T19:21:51","modified_gmt":"2024-12-04T18:21:51","slug":"consulta-toda-la-programacion-navidena-de-la-nadala-en-la-vila-joiosa","status":"publish","type":"post","link":"https:\/\/serbenidorm.daliisolutions.com\/index.php\/2024\/12\/04\/consulta-toda-la-programacion-navidena-de-la-nadala-en-la-vila-joiosa\/","title":{"rendered":"Consulta toda la programaci\u00f3n navide\u00f1a de La Nadala en La Vila Joiosa"},"content":{"rendered":"  <p><div data-adtype=\"MLDB\"><\/div><\/p>   <p>La Vila Joiosa<\/p>   <p>\u201cLa Nadala, la fira vilera d\u2019estes festes\u201d vuelve a ser, un a\u00f1o m\u00e1s, el coraz\u00f3n de la Navidad en Villajoyosa. La finca La Barbera dels Aragon\u00e9s acoger\u00e1 actividades para mayores y peque\u00f1os desde el d\u00eda 5 de diciembre hasta el 6 de enero. El edil de Fiestas, Jaime Santamar\u00eda, ha detallado en <a href=\"https:\/\/radiobenidorm.es\" rel=\"nofollow\" target=\"_blank\">Hoy por Hoy Benidorm<\/a> el completo programa de actividades previsto para este a\u00f1o.<\/p>   <p>La Nadala se inaugurar\u00e1 la tarde del 5 de diciembre con una gran \u201cglobot\u00e0\u201d en la que los protagonistas ser\u00e1n los ni\u00f1os y ni\u00f1as que participar\u00e1n pinchando los miles de globos que invadir\u00e1n La Barbera, cuyo sonido, al hacer explotar todos los globos a la vez, simular\u00e1 el sonido de una masclet\u00e0. El s\u00e1bado, 7 de diciembre, se impartir\u00e1 un taller de ornamentaci\u00f3n navide\u00f1a, dirigida a adultos, cuyas inscripciones se podr\u00e1n realizar en la Oficina de Turismo. No faltar\u00e1n las atracciones, entre las que destaca una pista de karting, adem\u00e1s de puestos de dulces y un mercado de artesan\u00eda navide\u00f1a.<\/p>   <p>Otra de las novedades de este a\u00f1o son las sesiones de cine de Navidad. Las tardes de las semanas de vacaciones escolares, los peque\u00f1os y no tan peque\u00f1os podr\u00e1n disfrutar de pel\u00edculas de tem\u00e1tica navide\u00f1a. Durante las vacaciones de Navidad, tambi\u00e9n se impartir\u00e1n talleres de reposter\u00eda y de manualidades y cartas para Papa Noel y los Reyes Magos, as\u00ed como el teatro infantil \u201cAlicia a La Nadala\u201d a cargo de Arteatro. La programaci\u00f3n se complementa con la Gala Solid\u00e0ria de Nadal organizada por las escuelas municipales de baile el jueves 12 de diciembre en el Teatre Auditori. El escenario del Teatre Auditori tambi\u00e9n albergar\u00e1, el s\u00e1bado 14 de diciembre, el gran espect\u00e1culo \u201cEl Cascanueces\u201d, una actuaci\u00f3n de ballet cl\u00e1sico a cargo del Ballet Nacional \u00d3pera de Ruman\u00eda Cluj Napoca, fundada en 1919. Y el domingo 22 de diciembre llegar\u00e1 a este escenario el musical infantil \u201cUn sue\u00f1o de juguetes\u201d, de Jackson Dance Company. Los peque\u00f1os y no tan peque\u00f1os disfrutar\u00e1n con juguetes que cobran vida e interpretan canciones infantiles populares y de Disney. La agenda de actuaciones musicales se completar\u00e1 con los conciertos de Navidad de las agrupaciones musicales locales.<\/p>   <p>El domingo 22 de diciembre, Papa Noel llegar\u00e1 a La Nadala despu\u00e9s de realizar un pasacalle por las calles del centro urbano. Los d\u00edas 22 y 23 Papa Noel visitar\u00e1 La Nadala para recibir a todos los ni\u00f1os y ni\u00f1as, quienes podr\u00e1n entregarle su carta de regalos personalmente. El domingo 29 de diciembre, se celebrar\u00e1 la popular carrera de San Silvestre y el viernes 3 de enero, llegar\u00e1 el Cartero Real tras recorrer las calles del centro urbano. El Cartero Real tambi\u00e9n estar\u00e1 dos d\u00edas, 3 y 4 de enero en La Nadala para saludar a todos los ni\u00f1os y ni\u00f1as y recoger todas las cartas dirigidas a los Reyes Magos de Oriente. Y el d\u00eda 5 de enero, se celebrar\u00e1 una espectacular Cabalgata que tambi\u00e9n finalizar\u00e1 en los jardines de La Nadala, donde Sus Majestades Melchor, Gaspar y Baltasar saludar\u00e1n a todos los ni\u00f1os y mayores en su campamento real.<\/p>   <p>El concejal de Fiestas, Jaime Santamar\u00eda, destaca que \u201cel a\u00f1o pasada estrenamos La Nadala y result\u00f3 ser todo un \u00e9xito. Tanto peque\u00f1os como mayores disfrutaron de las actividades y del ambiente navide\u00f1o que se respiraba todos los d\u00edas en La Barbera. Este a\u00f1o hemos incluido nuevas actividades en la amplia programaci\u00f3n con el fin de que todos los vecinos y visitantes disfruten y compartan el esp\u00edritu entra\u00f1able de estas fiestas\u201d. En este sentido, Santamar\u00eda invita a todos los vecinos a disfrutar de la inauguraci\u00f3n de la iluminaci\u00f3n navide\u00f1a del municipio que se escenificar\u00e1 con el encendido de las luces de Navidad en la fachada de la casa de La Barbera, este s\u00e1bado, 30 de noviembre, a las 20.00 horas, dentro de la programaci\u00f3n de la Fira Solid\u00e0ria.<\/p>   <p>     .c-w{         max-width:444px;         width:100%;         margin:32px auto;      background:#00755E;         border-radius:4px;         display:flex;         align-items:center;         justify-content:center;     }     .c-w a{         display:flex;         align-items:center;         justify-content:center;         padding:4px 24px;     }     .c-w img{         width:24px;         margin-right:12px;     }     .c-w p{         font:18px\/25px Poppins;         text-align:center;         color:#fff;         margin:0;     }     @media (max-width:444px){         .c-w a{             padding:4px 12px;         }         .c-w img{             width:24px;             margin-right:8px;         }         .c-w p{             font:14px\/25px Poppins;         }     }     @media (max-width:335px){         .c-w p{             font:13px\/25px Poppins;         }     }  <div class=\"c-w\">     <a href=\"https:\/\/www.whatsapp.com\/channel\/0029Va633PF9WtC4l7XUzh1e\" rel=\"nofollow\" target=\"_blank\">         <img decoding=\"async\" src=\"https:\/\/cadenaser.com\/estaticos\/recursosgraficos\/responsive\/img\/ico-whatsapp.svg\" alt=\"Whatsapp\">         <p>\u00danete al <b>canal de WhatsApp<\/b> de la SER<\/p>     <\/a> <\/div><\/p> ","protected":false},"excerpt":{"rendered":"<p>Habr\u00e1 cine, talleres de ornamentaci\u00f3n navide\u00f1a, puestos de dulces y mercado de artensan\u00eda<\/p>\n","protected":false},"author":0,"featured_media":10956,"comment_status":"open","ping_status":"open","sticky":false,"template":"","format":"standard","meta":{"_acf_changed":false,"footnotes":""},"categories":[1],"tags":[],"class_list":["post-10955","post","type-post","status-publish","format-standard","has-post-thumbnail","hentry","category-sin-categoria"],"acf":{"ser_id":"3Y3FO4OAWFAYFIJFJKL3FMAHME","ser_url":"https:\/\/cadenaser.com\/comunitat-valenciana\/2024\/12\/04\/consulta-toda-la-programacion-navidena-de-la-nadala-en-la-vila-joiosa-radio-benidorm\/"},"_links":{"self":[{"href":"https:\/\/serbenidorm.daliisolutions.com\/index.php\/wp-json\/wp\/v2\/posts\/10955","targetHints":{"allow":["GET"]}}],"collection":[{"href":"https:\/\/serbenidorm.daliisolutions.com\/index.php\/wp-json\/wp\/v2\/posts"}],"about":[{"href":"https:\/\/serbenidorm.daliisolutions.com\/index.php\/wp-json\/wp\/v2\/types\/post"}],"replies":[{"embeddable":true,"href":"https:\/\/serbenidorm.daliisolutions.com\/index.php\/wp-json\/wp\/v2\/comments?post=10955"}],"version-history":[{"count":0,"href":"https:\/\/serbenidorm.daliisolutions.com\/index.php\/wp-json\/wp\/v2\/posts\/10955\/revisions"}],"wp:featuredmedia":[{"embeddable":true,"href":"https:\/\/serbenidorm.daliisolutions.com\/index.php\/wp-json\/wp\/v2\/media\/10956"}],"wp:attachment":[{"href":"https:\/\/serbenidorm.daliisolutions.com\/index.php\/wp-json\/wp\/v2\/media?parent=10955"}],"wp:term":[{"taxonomy":"category","embeddable":true,"href":"https:\/\/serbenidorm.daliisolutions.com\/index.php\/wp-json\/wp\/v2\/categories?post=10955"},{"taxonomy":"post_tag","embeddable":true,"href":"https:\/\/serbenidorm.daliisolutions.com\/index.php\/wp-json\/wp\/v2\/tags?post=10955"}],"curies":[{"name":"wp","href":"https:\/\/api.w.org\/{rel}","templated":true}]}}