{"id":10957,"date":"2024-12-04T19:21:55","date_gmt":"2024-12-04T18:21:55","guid":{"rendered":"https:\/\/serbenidorm.daliisolutions.com\/index.php\/2024\/12\/04\/aldi-abre-su-primera-tienda-en-benidorm-ubicacion-horario-y-productos\/"},"modified":"2024-12-04T19:21:55","modified_gmt":"2024-12-04T18:21:55","slug":"aldi-abre-su-primera-tienda-en-benidorm-ubicacion-horario-y-productos","status":"publish","type":"post","link":"https:\/\/serbenidorm.daliisolutions.com\/index.php\/2024\/12\/04\/aldi-abre-su-primera-tienda-en-benidorm-ubicacion-horario-y-productos\/","title":{"rendered":"ALDI abre su primera tienda en Benidorm: ubicaci\u00f3n, horario y productos"},"content":{"rendered":"  <p><div data-adtype=\"MLDB\"><\/div><\/p>   <p>Benidorm<\/p>   <p>La cadena de supermercados ALDI ha celebrado este mi\u00e9rcoles la inauguraci\u00f3n de su primer supermercado en Benidorm. La nueva tienda de la <a href=\"https:\/\/cadenaser.com\/tag\/benidorm\/a\/\" target=\"_blank\">Avda. Dr. Severo Ochoa, 35, en el Camping del Rac\u00f3<\/a>, cuenta con una sala de ventas de unos 1.200 m2 y un equipo de 17 trabajadores.<\/p>   <p>Con la nueva apertura en la capital tur\u00edstica \u00abALDI contin\u00faa fortaleciendo su presencia en la provincia de Alicante, donde con esta tienda supera los 40 establecimientos\u00bb, como ha destacado en la apertura Vicent Claramunt, responsable de Expansi\u00f3n de ALDI en la zona.<\/p>  <p><p>M\u00e1s informaci\u00f3n<\/p><figure><img loading=\"lazy\" decoding=\"async\" src=\"https:\/\/cadenaser.com\/resizer\/v2\/DVEC6GD2ORAB5JYADQ6W6LYTIE.jpg?auth=1dc2a73ca0afb7fe4cc78fddd0bc3aeef4bc28e414e9f57b8517b0716abd46d8&amp;quality=70&amp;width=360&amp;height=202&amp;smart=true\" width=\"820\" height=\"621\" \/><\/figure><ul><li><a href=\"https:\/\/cadenaser.com\/comunitat-valenciana\/2024\/11\/28\/los-bonos-consumo-vuelven-a-benidorm-con-un-importante-cambio-radio-benidorm\/\"><span>Los bonos consumo vuelven a Benidorm con un cambio importante<\/span><\/a><\/li><\/ul><\/p>   <p>El nuevo ALDI de Benidorm tendr\u00e1 un horario comercial de lunes a s\u00e1bado de 08:30h a 21:30h y los domingos de 08:30h a 21:00h.<\/p>   <p>Ofrecer\u00e1, ha explicado Claramunt, un amplio surtido de productos de alta calidad a precios bajos, un 86% de marca propia y m\u00e1s de un 80% de origen nacional.<\/p>   <p>Adem\u00e1s, la compa\u00f1\u00eda tambi\u00e9n abre esta semana su segundo supermercado en J\u00e1vea: \u00abGracias a su compromiso con la regi\u00f3n y su modelo basado en precios bajos y la mejor calidad, cerca de un mill\u00f3n de familias valencianas ya compran en ALDI\u00bb.<\/p>   <p>     .c-w{         max-width:444px;         width:100%;         margin:32px auto;      background:#00755E;         border-radius:4px;         display:flex;         align-items:center;         justify-content:center;     }     .c-w a{         display:flex;         align-items:center;         justify-content:center;         padding:4px 24px;     }     .c-w img{         width:24px;         margin-right:12px;     }     .c-w p{         font:18px\/25px Poppins;         text-align:center;         color:#fff;         margin:0;     }     @media (max-width:444px){         .c-w a{             padding:4px 12px;         }         .c-w img{             width:24px;             margin-right:8px;         }         .c-w p{             font:14px\/25px Poppins;         }     }     @media (max-width:335px){         .c-w p{             font:13px\/25px Poppins;         }     }  <div class=\"c-w\">     <a href=\"https:\/\/www.whatsapp.com\/channel\/0029Va633PF9WtC4l7XUzh1e\" rel=\"nofollow\" target=\"_blank\">         <img decoding=\"async\" src=\"https:\/\/cadenaser.com\/estaticos\/recursosgraficos\/responsive\/img\/ico-whatsapp.svg\" alt=\"Whatsapp\">         <p>\u00danete al <b>canal de WhatsApp<\/b> de la SER<\/p>     <\/a> <\/div><\/p> ","protected":false},"excerpt":{"rendered":"<p>En el Rinc\u00f3n de Loix<\/p>\n","protected":false},"author":0,"featured_media":10958,"comment_status":"open","ping_status":"open","sticky":false,"template":"","format":"standard","meta":{"_acf_changed":false,"footnotes":""},"categories":[1],"tags":[],"class_list":["post-10957","post","type-post","status-publish","format-standard","has-post-thumbnail","hentry","category-sin-categoria"],"acf":{"ser_id":"XAFDXOFFFRGFJH6LYMITRA4OSU","ser_url":"https:\/\/cadenaser.com\/comunitat-valenciana\/2024\/12\/04\/aldi-abre-su-primera-tienda-en-benidorm-ubicacion-horario-y-productos-radio-benidorm\/"},"_links":{"self":[{"href":"https:\/\/serbenidorm.daliisolutions.com\/index.php\/wp-json\/wp\/v2\/posts\/10957","targetHints":{"allow":["GET"]}}],"collection":[{"href":"https:\/\/serbenidorm.daliisolutions.com\/index.php\/wp-json\/wp\/v2\/posts"}],"about":[{"href":"https:\/\/serbenidorm.daliisolutions.com\/index.php\/wp-json\/wp\/v2\/types\/post"}],"replies":[{"embeddable":true,"href":"https:\/\/serbenidorm.daliisolutions.com\/index.php\/wp-json\/wp\/v2\/comments?post=10957"}],"version-history":[{"count":0,"href":"https:\/\/serbenidorm.daliisolutions.com\/index.php\/wp-json\/wp\/v2\/posts\/10957\/revisions"}],"wp:featuredmedia":[{"embeddable":true,"href":"https:\/\/serbenidorm.daliisolutions.com\/index.php\/wp-json\/wp\/v2\/media\/10958"}],"wp:attachment":[{"href":"https:\/\/serbenidorm.daliisolutions.com\/index.php\/wp-json\/wp\/v2\/media?parent=10957"}],"wp:term":[{"taxonomy":"category","embeddable":true,"href":"https:\/\/serbenidorm.daliisolutions.com\/index.php\/wp-json\/wp\/v2\/categories?post=10957"},{"taxonomy":"post_tag","embeddable":true,"href":"https:\/\/serbenidorm.daliisolutions.com\/index.php\/wp-json\/wp\/v2\/tags?post=10957"}],"curies":[{"name":"wp","href":"https:\/\/api.w.org\/{rel}","templated":true}]}}