{"id":11,"date":"2023-11-29T15:21:01","date_gmt":"2023-11-29T14:21:01","guid":{"rendered":"https:\/\/serbenidorm.daliisolutions.com\/index.php\/2023\/11\/29\/muere-la-artista-sticky-vicky-leyenda-en-benidorm-por-encender-bombillas-con-la-vagina\/"},"modified":"2023-11-29T15:21:01","modified_gmt":"2023-11-29T14:21:01","slug":"muere-la-artista-sticky-vicky-leyenda-en-benidorm-por-encender-bombillas-con-la-vagina","status":"publish","type":"post","link":"https:\/\/serbenidorm.daliisolutions.com\/index.php\/2023\/11\/29\/muere-la-artista-sticky-vicky-leyenda-en-benidorm-por-encender-bombillas-con-la-vagina\/","title":{"rendered":"Muere la artista Sticky Vicky, leyenda en Benidorm por encender bombillas con la vagina"},"content":{"rendered":" Benidorm  Vicky Leyton, tambi\u00e9n conocida como Sticky Vicky y artista famosa en Benidorm por su espect\u00e1culo de acrobacias vaginales, ha fallecido este mi\u00e9rcoles a los 80 a\u00f1os de edad.  As\u00ed lo ha confirmado su hija Mar\u00eda Gadea a trav\u00e9s de sus redes sociales. \u201cLamento escribir estas palabras, mi madre Sticky Vicky ha fallecido hoy a las seis de la madrugada, no lo puedo creer, se ha ido arropada por su familia, con todo nuestro amor, le doy gracias a Dios por haber podido estar a  su lado siempre. Me quedo con el coraz\u00f3n roto\u201d, rezaba el comunicado.  Victoria Mar\u00eda Arag\u00fc\u00e9s, nombre real de Vicky Leyton, se hizo <a href=\"https:\/\/cadenaser.com\/tag\/benidorm\/a\/\" target=\"_blank\" rel=\"noopener\">muy popular en el Benidorm de la d\u00e9cada de los 80 por su espect\u00e1culo que recorr\u00eda diversos cabarets, hoteles y pubs locales<\/a> en el que se sacaba diversos objetos de la vagina y hasta abr\u00eda botellas o encend\u00eda bombillas con la misma. La artista congregaba cada a\u00f1o a miles de turistas que comprobaban at\u00f3nitos sus habilidades.  <div><div><blockquote class=\"instagram-media\" data-instgrm-captioned data-instgrm-permalink=\"https:\/\/www.instagram.com\/p\/C0ObE3-otGZ\/?utm_source=ig_embed&amp;utm_campaign=loading\" data-instgrm-version=\"14\" style=\"background:#FFF;border:0;border-radius:3px;margin: 1px;max-width:658px;min-width:326px;padding:0;width:99.375%;width:-webkit-calc(100% - 2px);width:calc(100% - 2px)\"><div style=\"padding:16px\"> <a href=\"https:\/\/www.instagram.com\/p\/C0ObE3-otGZ\/?utm_source=ig_embed&amp;utm_campaign=loading\" style=\"background:#FFFFFF;line-height:0;padding:0 0;text-align:center;text-decoration:none;width:100%\" target=\"_blank\" rel=\"noopener\"> <div style=\"flex-direction: row;align-items: center\"> <div style=\"background-color: #F4F4F4;border-radius: 50%;flex-grow: 0;height: 40px;margin-right: 14px;width: 40px\"><\/div> <div style=\"flex-direction: column;flex-grow: 1;justify-content: center\"> <div style=\"background-color: #F4F4F4;border-radius: 4px;flex-grow: 0;height: 14px;margin-bottom: 6px;width: 100px\"><\/div> <div style=\"background-color: #F4F4F4;border-radius: 4px;flex-grow: 0;height: 14px;width: 60px\"><\/div><\/div><\/div><div style=\"padding: 19% 0\"><\/div> <div style=\"height:50px;margin:0 auto 12px;width:50px\"><\/div><div style=\"padding-top: 8px\"> <div style=\"color:#3897f0;font-family:Arial,sans-serif;font-size:14px;font-style:normal;font-weight:550;line-height:18px\">View this post on Instagram<\/div><\/div><div style=\"padding: 12.5% 0\"><\/div> <div style=\"flex-direction: row;margin-bottom: 14px;align-items: center\"><div> <div style=\"background-color: #F4F4F4;border-radius: 50%;height: 12.5px;width: 12.5px\"><\/div> <div style=\"background-color: #F4F4F4;height: 12.5px;width: 12.5px;flex-grow: 0;margin-right: 14px;margin-left: 2px\"><\/div> <div style=\"background-color: #F4F4F4;border-radius: 50%;height: 12.5px;width: 12.5px\"><\/div><\/div><div style=\"margin-left: 8px\"> <div style=\"background-color: #F4F4F4;border-radius: 50%;flex-grow: 0;height: 20px;width: 20px\"><\/div> <div style=\"width: 0;height: 0;border-top: 2px solid transparent;border-left: 6px solid #f4f4f4;border-bottom: 2px solid transparent\"><\/div><\/div><div style=\"margin-left: auto\"> <div style=\"width: 0px;border-top: 8px solid #F4F4F4;border-right: 8px solid transparent\"><\/div> <div style=\"background-color: #F4F4F4;flex-grow: 0;height: 12px;width: 16px\"><\/div> <div style=\"width: 0;height: 0;border-top: 8px solid #F4F4F4;border-left: 8px solid transparent\"><\/div><\/div><\/div> <div style=\"flex-direction: column;flex-grow: 1;justify-content: center;margin-bottom: 24px\"> <div style=\"background-color: #F4F4F4;border-radius: 4px;flex-grow: 0;height: 14px;margin-bottom: 6px;width: 224px\"><\/div> <div style=\"background-color: #F4F4F4;border-radius: 4px;flex-grow: 0;height: 14px;width: 144px\"><\/div><\/div><\/a><p style=\"color:#c9c8cd;font-family:Arial,sans-serif;font-size:14px;line-height:17px;margin-bottom:0;margin-top:8px;overflow:hidden;padding:8px 0 7px;text-align:center\"><a href=\"https:\/\/www.instagram.com\/p\/C0ObE3-otGZ\/?utm_source=ig_embed&amp;utm_campaign=loading\" style=\"color:#c9c8cd;font-family:Arial,sans-serif;font-size:14px;font-style:normal;font-weight:normal;line-height:17px;text-decoration:none\" target=\"_blank\" rel=\"noopener\">A post shared by STICKY VICKY OFFICIAL (@sticky_vicky_official)<\/a><\/p><\/div><\/blockquote> <\/div><\/div>  Tal  fue el nivel de popularidad que alcanz\u00f3 que la comunidad de turistas brit\u00e1nicos la bautiz\u00f3 con el sobrenombre de Sticky Vicky que despu\u00e9s fue empleada por ella misma para promocionarse. Incluso tuvo que litigar por mantener el mote despu\u00e9s de que otra artista local lo registrara.   <p>M\u00e1s informaci\u00f3n<\/p><figure><img decoding=\"async\" src=\"https:\/\/cadenaser.com\/resizer\/cZfbUoCsS3KfriQwpVWSiYHEea8=\/650x366\/filters:quality(70)\/cloudfront-eu-central-1.images.arcpublishing.com\/prisaradio\/JVWFGWRXFZOHLCDTATZVKNEJPQ.jpg\" loading=\"lazy\" width=\"828\" height=\"621\" \/><\/figure><ul><li><a href=\"https:\/\/cadenaser.com\/programa\/2021\/12\/13\/hora_25\/1639417581_346226.html\">Susana Estrada: &quot;He pasado de ser un ico\u00f1o, a ser un icono&quot;<\/a><\/li><\/ul>  Actualmente es su hija quien ostenta de forma oficial el t\u00edtulo de Sticky Vicky y gestiona su cuenta oficial de Facebook y quien la  ha relevado en el espect\u00e1culo er\u00f3tico, manteniendo su legado.  Vicky Leyton se retir\u00f3 del mundo del espect\u00e1culo en 2015 por problemas de salud. Era oriunda de Santa Cruz de Tenerife pero resid\u00eda en La Nuc\u00eda, a pocos kil\u00f3metros de Benidorm.  <div class=\"hd\"><p>Radio Benidorm<\/p><\/div><div class=\"lst lst-s\"><ul><li><div id=\"player-cadenaser_benidorm_hoyporhoybenidorm_20231129_122000_140000\" class=\"c-pl-a\"><button class=\"bt-pp\" data-audioid=\"cadenaser_benidorm_hoyporhoybenidorm_20231129_122000_140000\" data-type=\"aod\">Play<\/button><\/div><p title=\"Hoy por Hoy Benidorm (29\/11\/2023)\"><span>Hoy por Hoy Benidorm (29\/11\/2023)<\/span><span>01:40:00<!-- -->\u00a0|\u00a0<!-- -->Hoy por Hoy Benidorm<\/span><\/p><\/li><li><div id=\"player-1701090079280\" class=\"c-pl-a\"><button class=\"bt-pp\" data-audioid=\"1701090079280\" data-type=\"aod\">Play<\/button><\/div><p title=\"El secreto del punto del arroz con La Arrocer\u00eda de la Mejillonera en Benidorm\"><span>El secreto del punto del arroz con La Arrocer\u00eda de la Mejillonera en Benidorm<\/span><span>13:36<!-- -->\u00a0|\u00a0<!-- -->Hoy por Hoy Benidorm<\/span><\/p><\/li><li><div id=\"player-cadenaser_benidorm_hoyporhoymatinalbenidorm_20231129_082000_083000\" class=\"c-pl-a\"><button class=\"bt-pp\" data-audioid=\"cadenaser_benidorm_hoyporhoymatinalbenidorm_20231129_082000_083000\" data-type=\"aod\">Play<\/button><\/div><p title=\"Hoy por Hoy matinal Benidorm 8:20 (29\/11\/2023)\"><span>Hoy por Hoy matinal Benidorm 8:20 (29\/11\/2023)<\/span><span>10:00<!-- -->\u00a0|\u00a0<!-- -->Hoy por Hoy matinal Benidorm<\/span><\/p><\/li><li><div id=\"player-cadenaser_benidorm_hoyporhoymatinalbenidorm_20231129_072000_073000\" class=\"c-pl-a\"><button class=\"bt-pp\" data-audioid=\"cadenaser_benidorm_hoyporhoymatinalbenidorm_20231129_072000_073000\" data-type=\"aod\">Play<\/button><\/div><p title=\"Hoy por Hoy matinal Benidorm 7:20 (29\/11\/2023)\"><span>Hoy por Hoy matinal Benidorm 7:20 (29\/11\/2023)<\/span><span>10:00<!-- -->\u00a0|\u00a0<!-- -->Hoy por Hoy matinal Benidorm<\/span><\/p><\/li><li><div id=\"player-cadenaser_benidorm_laventanadelamarinabaixa_20231128_192000_194000\" class=\"c-pl-a\"><button class=\"bt-pp\" data-audioid=\"cadenaser_benidorm_laventanadelamarinabaixa_20231128_192000_194000\" data-type=\"aod\">Play<\/button><\/div><p title=\"La Ventana de la Marina Baixa (28\/11\/2023)\"><span>La Ventana de la Marina Baixa (28\/11\/2023)<\/span><span>20:00<!-- -->\u00a0|\u00a0<!-- -->La Ventana de la Marina Baixa<\/span><\/p><\/li><li><div id=\"player-cadenaser_benidorm_serdeportivosbenidorm_20231128_152000_160000\" class=\"c-pl-a\"><button class=\"bt-pp\" data-audioid=\"cadenaser_benidorm_serdeportivosbenidorm_20231128_152000_160000\" data-type=\"aod\">Play<\/button><\/div><p title=\"SER Deportivos Benidorm (28\/11\/2023)\"><span>SER Deportivos Benidorm (28\/11\/2023)<\/span><span>40:00<!-- -->\u00a0|\u00a0<!-- -->SER Deportivos Benidorm<\/span><\/p><\/li><li><div id=\"player-cadenaser_benidorm_hora14benidorm_20231128_141700_143000\" class=\"c-pl-a\"><button class=\"bt-pp\" data-audioid=\"cadenaser_benidorm_hora14benidorm_20231128_141700_143000\" data-type=\"aod\">Play<\/button><\/div><p title=\"Hora 14 Benidorm (28\/11\/2023)\"><span>Hora 14 Benidorm (28\/11\/2023)<\/span><span>13:00<!-- -->\u00a0|\u00a0<!-- -->Hora 14 Benidorm<\/span><\/p><\/li><li><div id=\"player-cadenaser_benidorm_hoyporhoybenidorm_20231128_122000_140000\" class=\"c-pl-a\"><button class=\"bt-pp\" data-audioid=\"cadenaser_benidorm_hoyporhoybenidorm_20231128_122000_140000\" data-type=\"aod\">Play<\/button><\/div><p title=\"Hoy por Hoy Benidorm (28\/11\/2023)\"><span>Hoy por Hoy Benidorm (28\/11\/2023)<\/span><span>01:40:00<!-- -->\u00a0|\u00a0<!-- -->Hoy por Hoy Benidorm<\/span><\/p><\/li><li><div id=\"player-1701175862565\" class=\"c-pl-a\"><button class=\"bt-pp\" data-audioid=\"1701175862565\" data-type=\"aod\">Play<\/button><\/div><p title=\"La Nuc\u00eda celebra su Feria de la Navidad del 1 al 3 de diciembre\"><span>La Nuc\u00eda celebra su Feria de la Navidad del 1 al 3 de diciembre<\/span><span>18:45<!-- -->\u00a0|\u00a0<!-- -->Hoy por Hoy Benidorm<\/span><\/p><\/li><li><div id=\"player-1701174842410\" class=\"c-pl-a\"><button class=\"bt-pp\" data-audioid=\"1701174842410\" data-type=\"aod\">Play<\/button><\/div><p title=\"Antonio Espinos nos cuenta la historia de una &quot;p\u00e1tera&quot; hallada en Allon,  la perla de la Marina Baixa\"><span>Antonio Espinos nos cuenta la historia de una &quot;p\u00e1tera&quot; hallada en Allon,  la perla de la Marina Baixa<\/span><span>21:27<!-- -->\u00a0|\u00a0<!-- -->Hoy por Hoy Benidorm<\/span><\/p><\/li><li><div id=\"player-1701174279553\" class=\"c-pl-a\"><button class=\"bt-pp\" data-audioid=\"1701174279553\" data-type=\"aod\">Play<\/button><\/div><p title=\"En Educando en Inclusi\u00f3n la maestra Sonia Montesinos nos habla sobre el uso racional de los elementos tecnol\u00f3gicos en la infancia y la adolescencia\"><span>En Educando en Inclusi\u00f3n la maestra Sonia Montesinos nos habla sobre el uso racional de los elementos tecnol\u00f3gicos en la infancia y la adolescencia<\/span><span>22:36<!-- -->\u00a0|\u00a0<!-- -->Hoy por Hoy Benidorm<\/span><\/p><\/li><li><div id=\"player-1701169563404\" class=\"c-pl-a\"><button class=\"bt-pp\" data-audioid=\"1701169563404\" data-type=\"aod\">Play<\/button><\/div><p title=\"La tertulia de La Ventana de la Marina Baixa (27\/11\/2023)\"><span>La tertulia de La Ventana de la Marina Baixa (27\/11\/2023)<\/span><span>39:36<!-- -->\u00a0|\u00a0<!-- -->La Ventana de la Marina Baixa<\/span><\/p><\/li><li><div id=\"player-cadenaser_benidorm_hoyporhoymatinalbenidorm_20231128_082000_083000\" class=\"c-pl-a\"><button class=\"bt-pp\" data-audioid=\"cadenaser_benidorm_hoyporhoymatinalbenidorm_20231128_082000_083000\" data-type=\"aod\">Play<\/button><\/div><p title=\"Hoy por Hoy matinal Benidorm 8:20 (28\/11\/2023)\"><span>Hoy por Hoy matinal Benidorm 8:20 (28\/11\/2023)<\/span><span>10:00<!-- -->\u00a0|\u00a0<!-- -->Hoy por Hoy matinal Benidorm<\/span><\/p><\/li><li><div id=\"player-cadenaser_benidorm_hoyporhoymatinalbenidorm_20231128_072000_073000\" class=\"c-pl-a\"><button class=\"bt-pp\" data-audioid=\"cadenaser_benidorm_hoyporhoymatinalbenidorm_20231128_072000_073000\" data-type=\"aod\">Play<\/button><\/div><p title=\"Hoy por Hoy matinal Benidorm 7:20 (28\/11\/2023)\"><span>Hoy por Hoy matinal Benidorm 7:20 (28\/11\/2023)<\/span><span>10:00<!-- -->\u00a0|\u00a0<!-- -->Hoy por Hoy matinal Benidorm<\/span><\/p><\/li><li><div id=\"player-cadenaser_benidorm_laventanadelamarinabaixa_20231127_192000_194000\" class=\"c-pl-a\"><button class=\"bt-pp\" data-audioid=\"cadenaser_benidorm_laventanadelamarinabaixa_20231127_192000_194000\" data-type=\"aod\">Play<\/button><\/div><p title=\"La Ventana de la Marina Baixa (27\/11\/2023)\"><span>La Ventana de la Marina Baixa (27\/11\/2023)<\/span><span>20:00<!-- -->\u00a0|\u00a0<!-- -->La Ventana de la Marina Baixa<\/span><\/p><\/li><\/ul><\/div> ","protected":false},"excerpt":{"rendered":"<p>La pionera de la &quot;magia vaginal&quot; ha fallecido a los 80 a\u00f1os de edad<\/p>\n","protected":false},"author":0,"featured_media":12,"comment_status":"open","ping_status":"open","sticky":false,"template":"","format":"standard","meta":{"_acf_changed":false,"footnotes":""},"categories":[1],"tags":[],"class_list":["post-11","post","type-post","status-publish","format-standard","has-post-thumbnail","hentry","category-sin-categoria"],"acf":{"ser_id":"4VVGBDRLUJDX5IEYUH3WXKJW3A","ser_url":""},"_links":{"self":[{"href":"https:\/\/serbenidorm.daliisolutions.com\/index.php\/wp-json\/wp\/v2\/posts\/11","targetHints":{"allow":["GET"]}}],"collection":[{"href":"https:\/\/serbenidorm.daliisolutions.com\/index.php\/wp-json\/wp\/v2\/posts"}],"about":[{"href":"https:\/\/serbenidorm.daliisolutions.com\/index.php\/wp-json\/wp\/v2\/types\/post"}],"replies":[{"embeddable":true,"href":"https:\/\/serbenidorm.daliisolutions.com\/index.php\/wp-json\/wp\/v2\/comments?post=11"}],"version-history":[{"count":0,"href":"https:\/\/serbenidorm.daliisolutions.com\/index.php\/wp-json\/wp\/v2\/posts\/11\/revisions"}],"wp:featuredmedia":[{"embeddable":true,"href":"https:\/\/serbenidorm.daliisolutions.com\/index.php\/wp-json\/wp\/v2\/media\/12"}],"wp:attachment":[{"href":"https:\/\/serbenidorm.daliisolutions.com\/index.php\/wp-json\/wp\/v2\/media?parent=11"}],"wp:term":[{"taxonomy":"category","embeddable":true,"href":"https:\/\/serbenidorm.daliisolutions.com\/index.php\/wp-json\/wp\/v2\/categories?post=11"},{"taxonomy":"post_tag","embeddable":true,"href":"https:\/\/serbenidorm.daliisolutions.com\/index.php\/wp-json\/wp\/v2\/tags?post=11"}],"curies":[{"name":"wp","href":"https:\/\/api.w.org\/{rel}","templated":true}]}}