{"id":11012,"date":"2024-12-07T07:14:08","date_gmt":"2024-12-07T06:14:08","guid":{"rendered":"https:\/\/serbenidorm.daliisolutions.com\/index.php\/2024\/12\/07\/wout-van-aert-confirma-su-presencia-en-la-copa-del-mundo-de-benidorm\/"},"modified":"2024-12-07T07:14:08","modified_gmt":"2024-12-07T06:14:08","slug":"wout-van-aert-confirma-su-presencia-en-la-copa-del-mundo-de-benidorm","status":"publish","type":"post","link":"https:\/\/serbenidorm.daliisolutions.com\/index.php\/2024\/12\/07\/wout-van-aert-confirma-su-presencia-en-la-copa-del-mundo-de-benidorm\/","title":{"rendered":"Wout van Aert confirma su presencia en la Copa del Mundo de Benidorm"},"content":{"rendered":"  <p><div data-adtype=\"MLDB\"><\/div><\/p>   <p>Benidorm<\/p>   <p>A falta de s\u00f3lo 44 d\u00edas para la celebraci\u00f3n de la tercera edici\u00f3n de <a href=\"https:\/\/cadenaser.com\/comunitat-valenciana\/2024\/11\/14\/la-copa-del-mundo-de-ciclocross-de-benidorm-se-adentrara-mas-en-el-moralet-radio-benidorm\/\" target=\"_blank\">la Copa del Mundo de ciclocross en Benidorm<\/a>, el belga Wout van Aert, <a href=\"https:\/\/cadenaser.com\/comunitat-valenciana\/2024\/01\/22\/van-aert-renace-en-el-duelo-a-muerte-bajo-el-sol-de-benidorm-radio-benidorm\/\" target=\"_blank\">ganador en El Moralet y Foietes en el a\u00f1o 2024<\/a> y segundo en la cita inaugural, en 2023, ha confirmado que volver\u00e1 a ser de la partida el pr\u00f3ximo d\u00eda 19 de enero de 2025.<\/p>   <p>El corredor de Jumbo-Lease a Bike, tres veces campe\u00f3n del mundo de la especialidad invernal del ciclismo, triple vencedor de la general de la Copa del Mundo y poseedor de 90 triunfos en la categor\u00eda Elite del ciclocross, ha sido el primero del llamado \u2018big three\u2019 (Van Aert-Van der Poel-Pidcock) en desvelar sus planes para el presente invierno.<\/p>   <p>El corredor belga era, hasta este 6 de diciembre, el que m\u00e1s inc\u00f3gnitas pod\u00eda despertar en cuanto a su regreso a las campas del ciclocross por un doble motivo: primero, por las muchas dudas que siguen existiendo respecto a su proceso de recuperaci\u00f3n tras la ca\u00edda en la Vuelta a Espa\u00f1a y segundo, por el muy exigente calendario competitivo de ruta que afronta cada a\u00f1o, siendo claro jefe de filas en las cl\u00e1sicas y un componente esencial del equipo de grandes vueltas del Jumbo-Lease a Bike.<\/p>  <p><p>M\u00e1s informaci\u00f3n<\/p><figure><img loading=\"lazy\" decoding=\"async\" src=\"https:\/\/cadenaser.com\/resizer\/v2\/EIXIZ3T6BVACLCKXHIOFBYB7MM.jpg?auth=9fbc2b67fa4df3a4b390de06012b5f1c28065638fe744761d54fcfa51c8a9a6a&amp;quality=70&amp;width=360&amp;height=202&amp;smart=true\" width=\"820\" height=\"621\" \/><\/figure><ul><li><a href=\"https:\/\/cadenaser.com\/comunitat-valenciana\/2024\/12\/01\/felipe-orts-firma-el-primer-podio-espanol-en-una-copa-del-mundo-radio-benidorm\/\"><span>Felipe Orts firma el primer podio espa\u00f1ol en una Copa del Mundo<\/span><\/a><\/li><\/ul><\/p>   <p>Van Aert comenz\u00f3 en el ciclismo como especialista invernal puro, siendo se\u00f1alado como el gran heredero del vasto imperio que, en t\u00e9rminos de dominio absoluto, dej\u00f3 vac\u00edo Sven Nys con su retirada. Sin embargo, el sato a la ruta de Van Aert fue, desde el principio, mucho m\u00e1s exitoso que el del \u2018Can\u00edbal de Baal\u2019, que nunca brill\u00f3 en el asfalto.<\/p>   <p>Ahora, con nueve etapas en el Tour, dos E3 Classic, una Sanremo, una Strade Bianche, una Gante-Wevelgem o un Circuito Het Nieuwsblad (entre otras muchas victorias) en su haber, los aficionados llevan tiempo temiendo el momento en el que Van Aert diga definitivamente adi\u00f3s al ciclocross.<\/p>   <p>     .c-w{         max-width:444px;         width:100%;         margin:32px auto;      background:#00755E;         border-radius:4px;         display:flex;         align-items:center;         justify-content:center;     }     .c-w a{         display:flex;         align-items:center;         justify-content:center;         padding:4px 24px;     }     .c-w img{         width:24px;         margin-right:12px;     }     .c-w p{         font:18px\/25px Poppins;         text-align:center;         color:#fff;         margin:0;     }     @media (max-width:444px){         .c-w a{             padding:4px 12px;         }         .c-w img{             width:24px;             margin-right:8px;         }         .c-w p{             font:14px\/25px Poppins;         }     }     @media (max-width:335px){         .c-w p{             font:13px\/25px Poppins;         }     }  <div class=\"c-w\">     <a href=\"https:\/\/www.whatsapp.com\/channel\/0029Va633PF9WtC4l7XUzh1e\" rel=\"nofollow\" target=\"_blank\">         <img decoding=\"async\" src=\"https:\/\/cadenaser.com\/estaticos\/recursosgraficos\/responsive\/img\/ico-whatsapp.svg\" alt=\"Whatsapp\">         <p>\u00danete al <b>canal de WhatsApp<\/b> de la SER<\/p>     <\/a> <\/div><\/p>   <p>De hecho, ya el pasado invierno sus apariciones en las campas fue muy escasa. S\u00f3lo nueve veces tom\u00f3 la salida con un balance de tres victorias y cinco puestos de honor m\u00e1s. Por aquel entonces su debut competitivo arranc\u00f3 mucho antes que ahora, el 9 de octubre con el Exact Cross de Essen. Ahora, sin embargo, habr\u00e1 que esperar hasta el 23 de diciembre para verlo debutar en el Zilvermeercross de Mol (B\u00e9lgica) y su periplo completo s\u00f3lo contempla cinco pruebas m\u00e1s (y, quiz\u00e1s, el Mundial).<\/p>   <p>De hecho, todo su calendario (salvo Benidorm) se disputar\u00e1 en B\u00e9lgica. Despu\u00e9s de Mol llegar\u00e1 en Azencross de Loenhout (27 de diciembre), Gullegem (4 de enero), Dendermonde (5 de enero) y Maasmechelen (25 de enero). La \u00fanica oportunidad de ver a Van Aert en acci\u00f3n fuera de su pa\u00eds ser\u00e1, por lo tanto, la Copa del Mundo de Benidorm del d\u00eda 19 de enero.<\/p> ","protected":false},"excerpt":{"rendered":"<p>Ser\u00e1 la \u00fanica prueba que el tres veces campe\u00f3n del mundo dispute fuera de su pa\u00eds<\/p>\n","protected":false},"author":0,"featured_media":11013,"comment_status":"open","ping_status":"open","sticky":false,"template":"","format":"standard","meta":{"_acf_changed":false,"footnotes":""},"categories":[16],"tags":[],"class_list":["post-11012","post","type-post","status-publish","format-standard","has-post-thumbnail","hentry","category-deportes"],"acf":{"ser_id":"D5DJOUNMWBGOBDA3RXTLY5XQLQ","ser_url":"https:\/\/cadenaser.com\/comunitat-valenciana\/2024\/12\/06\/wout-van-aert-confirma-su-presencia-en-la-copa-del-mundo-de-benidorm-radio-benidorm\/"},"_links":{"self":[{"href":"https:\/\/serbenidorm.daliisolutions.com\/index.php\/wp-json\/wp\/v2\/posts\/11012","targetHints":{"allow":["GET"]}}],"collection":[{"href":"https:\/\/serbenidorm.daliisolutions.com\/index.php\/wp-json\/wp\/v2\/posts"}],"about":[{"href":"https:\/\/serbenidorm.daliisolutions.com\/index.php\/wp-json\/wp\/v2\/types\/post"}],"replies":[{"embeddable":true,"href":"https:\/\/serbenidorm.daliisolutions.com\/index.php\/wp-json\/wp\/v2\/comments?post=11012"}],"version-history":[{"count":0,"href":"https:\/\/serbenidorm.daliisolutions.com\/index.php\/wp-json\/wp\/v2\/posts\/11012\/revisions"}],"wp:featuredmedia":[{"embeddable":true,"href":"https:\/\/serbenidorm.daliisolutions.com\/index.php\/wp-json\/wp\/v2\/media\/11013"}],"wp:attachment":[{"href":"https:\/\/serbenidorm.daliisolutions.com\/index.php\/wp-json\/wp\/v2\/media?parent=11012"}],"wp:term":[{"taxonomy":"category","embeddable":true,"href":"https:\/\/serbenidorm.daliisolutions.com\/index.php\/wp-json\/wp\/v2\/categories?post=11012"},{"taxonomy":"post_tag","embeddable":true,"href":"https:\/\/serbenidorm.daliisolutions.com\/index.php\/wp-json\/wp\/v2\/tags?post=11012"}],"curies":[{"name":"wp","href":"https:\/\/api.w.org\/{rel}","templated":true}]}}