{"id":11019,"date":"2024-12-07T12:08:26","date_gmt":"2024-12-07T11:08:26","guid":{"rendered":"https:\/\/serbenidorm.daliisolutions.com\/index.php\/2024\/12\/07\/el-c-f-benidorm-no-levanta-cabeza-y-cae-ante-el-castellon-b\/"},"modified":"2024-12-07T12:08:26","modified_gmt":"2024-12-07T11:08:26","slug":"el-c-f-benidorm-no-levanta-cabeza-y-cae-ante-el-castellon-b","status":"publish","type":"post","link":"https:\/\/serbenidorm.daliisolutions.com\/index.php\/2024\/12\/07\/el-c-f-benidorm-no-levanta-cabeza-y-cae-ante-el-castellon-b\/","title":{"rendered":"El C.F. Benidorm no levanta cabeza y cae ante el Castell\u00f3n B"},"content":{"rendered":"  <p><div data-adtype=\"MLDB\"><\/div><\/p>   <p>Benidorm<\/p>   <p>El C.F. Benidorm no est\u00e1 encontrando este a\u00f1o el camino para asentarse en la Tercera RFEF. A punto de llegar al par\u00f3n navide\u00f1o y a falta de s\u00f3lo tres jornadas (aunque con dos pendientes por los aplazamientos de la DANA) del final de la primera vuelta, el equipo de Miguel \u00c1ngel Mart\u00ednez no s\u00f3lo est\u00e1 lejos, muy lejos, de estar peleando por los puestos altos de la clasificaci\u00f3n, objetivo confeso a principios de curso; sino que cada vez ve m\u00e1s complicada una salvaci\u00f3n que, tras su derrota por 3-1 ante el Castell\u00f3n B, cotiza ya a cinco puntos y que podr\u00edan ser m\u00e1s dependiendo de los resultados que este mismo fin de semana consigan Ontinyent y Crevillente Deportivo.<\/p>   <p>En su visita al Javier Marquina de Castell\u00f3n, los benidormenses marcharon durante la pr\u00e1ctica totalidad del partido a rebufo del un filial albinegro que, adem\u00e1s, llegaba a esta jornada con numerosas bajas y que tuvo que dar entrada en el once a dos juveniles, una circunstancia que el C.F. Benidorm tampoco supo aprovechar.<\/p>   <p>Tras s\u00f3lo diez minutos de juego, Nico Font adelant\u00f3 a los locales, que se ir\u00edan al descanso con un 2-0 a favor gracias a un nuevo gol, en este caso de Mauro Costa, al filo del descanso. Tras el paso por los vestuarios, ambos equipos contaron con claras ocasiones, pero no fue hasta el minuto 60 cuando Javi Cabezas volv\u00eda a insuflar aire al Benidorm colocando el 2-1 en el marcador.<\/p>   <p>Pero la alegr\u00eda no durar\u00eda mucho ya que cuatro minutos m\u00e1s tarde el \u00e1rbitro decret\u00f3 penalti en contra del Benidorm, una pena m\u00e1xima transformada por Carlos Segura que colocaba el 3-1 definitivo en el luminoso.<\/p> ","protected":false},"excerpt":{"rendered":"<p>Los locales, con muchas bajas en su equipo, se impusieron sin problemas a los azules<\/p>\n","protected":false},"author":0,"featured_media":11020,"comment_status":"open","ping_status":"open","sticky":false,"template":"","format":"standard","meta":{"_acf_changed":false,"footnotes":""},"categories":[16],"tags":[],"class_list":["post-11019","post","type-post","status-publish","format-standard","has-post-thumbnail","hentry","category-deportes"],"acf":{"ser_id":"LT3WWZK7IJDEXIOLB7KEXJW4PM","ser_url":"https:\/\/cadenaser.com\/comunitat-valenciana\/2024\/12\/07\/el-cf-benidorm-no-levanta-cabeza-y-cae-ante-el-castellon-b-radio-benidorm\/"},"_links":{"self":[{"href":"https:\/\/serbenidorm.daliisolutions.com\/index.php\/wp-json\/wp\/v2\/posts\/11019","targetHints":{"allow":["GET"]}}],"collection":[{"href":"https:\/\/serbenidorm.daliisolutions.com\/index.php\/wp-json\/wp\/v2\/posts"}],"about":[{"href":"https:\/\/serbenidorm.daliisolutions.com\/index.php\/wp-json\/wp\/v2\/types\/post"}],"replies":[{"embeddable":true,"href":"https:\/\/serbenidorm.daliisolutions.com\/index.php\/wp-json\/wp\/v2\/comments?post=11019"}],"version-history":[{"count":0,"href":"https:\/\/serbenidorm.daliisolutions.com\/index.php\/wp-json\/wp\/v2\/posts\/11019\/revisions"}],"wp:featuredmedia":[{"embeddable":true,"href":"https:\/\/serbenidorm.daliisolutions.com\/index.php\/wp-json\/wp\/v2\/media\/11020"}],"wp:attachment":[{"href":"https:\/\/serbenidorm.daliisolutions.com\/index.php\/wp-json\/wp\/v2\/media?parent=11019"}],"wp:term":[{"taxonomy":"category","embeddable":true,"href":"https:\/\/serbenidorm.daliisolutions.com\/index.php\/wp-json\/wp\/v2\/categories?post=11019"},{"taxonomy":"post_tag","embeddable":true,"href":"https:\/\/serbenidorm.daliisolutions.com\/index.php\/wp-json\/wp\/v2\/tags?post=11019"}],"curies":[{"name":"wp","href":"https:\/\/api.w.org\/{rel}","templated":true}]}}