{"id":11031,"date":"2024-12-08T16:52:47","date_gmt":"2024-12-08T15:52:47","guid":{"rendered":"https:\/\/serbenidorm.daliisolutions.com\/index.php\/2024\/12\/08\/maria-botella-no-se-si-ella-me-ha-mirado-a-mi-pero-yo-no-he-mirado-a-la-muerte-a-los-ojos\/"},"modified":"2024-12-08T16:52:47","modified_gmt":"2024-12-08T15:52:47","slug":"maria-botella-no-se-si-ella-me-ha-mirado-a-mi-pero-yo-no-he-mirado-a-la-muerte-a-los-ojos","status":"publish","type":"post","link":"https:\/\/serbenidorm.daliisolutions.com\/index.php\/2024\/12\/08\/maria-botella-no-se-si-ella-me-ha-mirado-a-mi-pero-yo-no-he-mirado-a-la-muerte-a-los-ojos\/","title":{"rendered":"Mar\u00eda Botella: \u00abNo s\u00e9 si ella me ha mirado a m\u00ed, pero yo no he mirado a la muerte a los ojos\u00bb"},"content":{"rendered":"  <p><div data-adtype=\"MLDB\"><\/div><\/p>   <p>Benidorm<\/p>   <p>Apenas 24 horas despu\u00e9s de haber recibido la medalla corporativa de la ciudad de Benidorm, la presidenta de An\u00e9mona, Mar\u00eda Botella, ha pasado por los micr\u00f3fonos de \u2018<a href=\"https:\/\/cadenaser.com\/radio-benidorm\/a-vivir-benidorm\/\" target=\"_blank\">A Vivir Benidorm<\/a>\u2019 para, seguramente por primera vez en mucho tiempo, hablar en primera persona del singular: de sus dos procesos oncol\u00f3gicos, de sus miedos, de sus seguridades, de su familia y, sobre todo, de ese largo camino recorrido al frente de una de las asociaciones que m\u00e1s consenso y adhesiones generan en la Marina Baixa.<\/p>   <p>En su visita de s\u00e1bado a <a href=\"https:\/\/cadenaser.com\/radio-benidorm\/\" target=\"_blank\">Radio Benidorm-SER<\/a>, Mar\u00eda ha reconocido que le ha dado \u201cpudor\u201d tener que usar la primera persona del singular en esta ocasi\u00f3n. \u201cNo estoy acostumbrada y me ha costado much\u00edsimo agradecer en primera persona este premio\u201d.<\/p>  <p><p>M\u00e1s informaci\u00f3n<\/p><figure><img loading=\"lazy\" decoding=\"async\" src=\"https:\/\/cadenaser.com\/resizer\/v2\/STOOKPV4HJAO5LUMPZJN7LYVOQ.jpg?auth=8bfadf086d505ef43a3fc2327bf7c58ebe74d79acd99ff699b2ad73c58d3f1ed&amp;quality=70&amp;width=360&amp;height=202&amp;smart=true\" width=\"820\" height=\"621\" \/><\/figure><ul><li><a href=\"https:\/\/cadenaser.com\/comunitat-valenciana\/2024\/11\/24\/diego-coello-50-anos-congelando-el-tiempo-radio-benidorm\/\"><span>Diego Coello, 50 a\u00f1os congelando el tiempo<\/span><\/a><\/li><\/ul><\/p>   <p>En una larga y, sobre todo, muy emotiva y sincera charla con Nico Van Looy, Mar\u00eda Botella ha repasado el trabajo de An\u00e9mona durante estas \u00faltimas dos d\u00e9cadas; pero tambi\u00e9n su propia experiencia frente a la enfermedad. Una experiencia en la que, ha asegurado, nunca tuvo miedo a la muerte. \u201cYo he tenido dos procesos oncol\u00f3gicos y todav\u00eda no he mirado a la muerte. No s\u00e9 si la muerte me ha mirado a m\u00ed y lo hemos conseguido superar; pero en ning\u00fan momento pens\u00e9 que me iba a morir\u201d, ha explicado.<\/p>   <p>Una charla en la que el momento m\u00e1s emocionante llegaba cuando reconoc\u00eda que cada vez ve m\u00e1s cercano el momento de \u201cnecesitar\u201d ceder el testigo en la presidencia de An\u00e9mona y, por supuesto, al recordar a su familia y, en concreto, a su marido, un hombre que \u201cse merece todo lo del mundo. Lo ha entendido y me ha apoyado siempre\u201d.<\/p> ","protected":false},"excerpt":{"rendered":"<p>La presidenta de An\u00e9mona visita \u2018A Vivir Benidorm\u2019 tras recibir la medalla corporativa de la ciudad de Benidorm<\/p>\n","protected":false},"author":0,"featured_media":11032,"comment_status":"open","ping_status":"open","sticky":false,"template":"","format":"standard","meta":{"_acf_changed":false,"footnotes":""},"categories":[1],"tags":[],"class_list":["post-11031","post","type-post","status-publish","format-standard","has-post-thumbnail","hentry","category-sin-categoria"],"acf":{"ser_id":"LSQWNJ667JFGTB6OPG2SNQNMCE","ser_url":"https:\/\/cadenaser.com\/comunitat-valenciana\/2024\/12\/07\/maria-botella-no-se-si-ella-me-ha-mirado-a-mi-pero-yo-no-he-mirado-a-la-muerte-a-los-ojos-radio-benidorm\/"},"_links":{"self":[{"href":"https:\/\/serbenidorm.daliisolutions.com\/index.php\/wp-json\/wp\/v2\/posts\/11031","targetHints":{"allow":["GET"]}}],"collection":[{"href":"https:\/\/serbenidorm.daliisolutions.com\/index.php\/wp-json\/wp\/v2\/posts"}],"about":[{"href":"https:\/\/serbenidorm.daliisolutions.com\/index.php\/wp-json\/wp\/v2\/types\/post"}],"replies":[{"embeddable":true,"href":"https:\/\/serbenidorm.daliisolutions.com\/index.php\/wp-json\/wp\/v2\/comments?post=11031"}],"version-history":[{"count":0,"href":"https:\/\/serbenidorm.daliisolutions.com\/index.php\/wp-json\/wp\/v2\/posts\/11031\/revisions"}],"wp:featuredmedia":[{"embeddable":true,"href":"https:\/\/serbenidorm.daliisolutions.com\/index.php\/wp-json\/wp\/v2\/media\/11032"}],"wp:attachment":[{"href":"https:\/\/serbenidorm.daliisolutions.com\/index.php\/wp-json\/wp\/v2\/media?parent=11031"}],"wp:term":[{"taxonomy":"category","embeddable":true,"href":"https:\/\/serbenidorm.daliisolutions.com\/index.php\/wp-json\/wp\/v2\/categories?post=11031"},{"taxonomy":"post_tag","embeddable":true,"href":"https:\/\/serbenidorm.daliisolutions.com\/index.php\/wp-json\/wp\/v2\/tags?post=11031"}],"curies":[{"name":"wp","href":"https:\/\/api.w.org\/{rel}","templated":true}]}}