{"id":11033,"date":"2024-12-08T16:52:48","date_gmt":"2024-12-08T15:52:48","guid":{"rendered":"https:\/\/serbenidorm.daliisolutions.com\/index.php\/2024\/12\/08\/las-recetas-de-basi-corral-arroz-de-bacalao-coliflor-y-garbanzos\/"},"modified":"2024-12-08T16:52:48","modified_gmt":"2024-12-08T15:52:48","slug":"las-recetas-de-basi-corral-arroz-de-bacalao-coliflor-y-garbanzos","status":"publish","type":"post","link":"https:\/\/serbenidorm.daliisolutions.com\/index.php\/2024\/12\/08\/las-recetas-de-basi-corral-arroz-de-bacalao-coliflor-y-garbanzos\/","title":{"rendered":"Las recetas de Basi Corral: \u201carroz de bacalao, coliflor y garbanzos\u201d"},"content":{"rendered":"  <p><div data-adtype=\"MLDB\"><\/div><\/p>   <p>Benidorm<\/p>   <p>Con una larga y exitosa trayectoria a sus espaldas pese a su juventud, la vida de <a href=\"https:\/\/www.instagram.com\/bcorralchef\/\" rel=\"nofollow\">Basi Corral<\/a> se ha desarrollado entre fogones y ahora, desde los micr\u00f3fonos de <a href=\"https:\/\/cadenaser.com\/radio-benidorm\/\">Radio Benidorm-SER<\/a>, se ha convertido en el chef ejecutivo de <a href=\"https:\/\/cadenaser.com\/radio-benidorm\/a-vivir-benidorm\/\">\u2018A Vivir Benidorm\u2019<\/a> donde cada s\u00e1bado propone el men\u00fa del d\u00eda.<\/p>   <p>Cada semana, Basi trae a los oyentes <a href=\"https:\/\/cadenaser.com\/tag\/gastronomia\/a\/\">una propuesta del recetario m\u00e1s tradicional<\/a> de la <a href=\"https:\/\/cadenaser.com\/tag\/comarca_la_marina_baixa\/a\/\">cocina de la Marina Baixa<\/a> y, adem\u00e1s de explicar c\u00f3mo elaborarlo de la forma m\u00e1s fiel a la historia de nuestros antepasados, tambi\u00e9n ofrecer\u00e1 algunos trucos para darle un \u2018twist\u2019 novedoso que nos permita quedar como expertos de alt\u00edsima cocina con nuestros invitados.<\/p>   <p>Para esta semana, <a href=\"https:\/\/www.instagram.com\/bcorralchef\/\" rel=\"nofollow\">Basi Corral<\/a> se ha dejado llevar por una de las muchas opciones de preparaci\u00f3n que ofrece el ingrediente estrella de nuestra cocina: el arroz.<\/p>   <p><b>Ingredientes BASIcos:<\/b><\/p>   <p>Caldo de pescado<\/p>   <p>Bacalao<\/p>   <p>     .c-w{         max-width:444px;         width:100%;         margin:32px auto;      background:#00755E;         border-radius:4px;         display:flex;         align-items:center;         justify-content:center;     }     .c-w a{         display:flex;         align-items:center;         justify-content:center;         padding:4px 24px;     }     .c-w img{         width:24px;         margin-right:12px;     }     .c-w p{         font:18px\/25px Poppins;         text-align:center;         color:#fff;         margin:0;     }     @media (max-width:444px){         .c-w a{             padding:4px 12px;         }         .c-w img{             width:24px;             margin-right:8px;         }         .c-w p{             font:14px\/25px Poppins;         }     }     @media (max-width:335px){         .c-w p{             font:13px\/25px Poppins;         }     }  <div class=\"c-w\">     <a href=\"https:\/\/www.whatsapp.com\/channel\/0029Va633PF9WtC4l7XUzh1e\" rel=\"nofollow\" target=\"_blank\">         <img decoding=\"async\" src=\"https:\/\/cadenaser.com\/estaticos\/recursosgraficos\/responsive\/img\/ico-whatsapp.svg\" alt=\"Whatsapp\">         <p>\u00danete al <b>canal de WhatsApp<\/b> de la SER<\/p>     <\/a> <\/div><\/p>   <p>Coliflor<\/p>   <p>Garbanzos<\/p>   <p>Arroz<\/p>   <p>AOVE<\/p>   <p>Sal<\/p>   <p><b>Ingredientes para el \u2018Twist de Basi\u2019<\/b><\/p>   <p>Tortas de ma\u00edz<\/p>   <p>En su intervenci\u00f3n de este s\u00e1bado en <a href=\"https:\/\/cadenaser.com\/tag\/benidorm\/a\/\">\u2018A Vivir Benidorm\u2019<\/a>, Basi Corral ha explicado con todo lujo de detalles c\u00f3mo elaborar la receta m\u00e1s tradicional as\u00ed como la forma de hacer esa actualizaci\u00f3n que nos permitir\u00e1 sorprender a nuestros invitados.<\/p> ","protected":false},"excerpt":{"rendered":"<p>El \u2018chef ejecutivo\u2019 de A Vivir Benidorm ofrece una propuesta del recetario tradicional de la Marina Baixa con su toque personal<\/p>\n","protected":false},"author":0,"featured_media":11034,"comment_status":"open","ping_status":"open","sticky":false,"template":"","format":"standard","meta":{"_acf_changed":false,"footnotes":""},"categories":[1],"tags":[],"class_list":["post-11033","post","type-post","status-publish","format-standard","has-post-thumbnail","hentry","category-sin-categoria"],"acf":{"ser_id":"VDBW6WXERZDKDMIY6VMBXTVOMQ","ser_url":"https:\/\/cadenaser.com\/comunitat-valenciana\/2024\/12\/08\/las-recetas-de-basi-corral-arroz-de-bacalao-coliflor-y-garbanzos-radio-benidorm\/"},"_links":{"self":[{"href":"https:\/\/serbenidorm.daliisolutions.com\/index.php\/wp-json\/wp\/v2\/posts\/11033","targetHints":{"allow":["GET"]}}],"collection":[{"href":"https:\/\/serbenidorm.daliisolutions.com\/index.php\/wp-json\/wp\/v2\/posts"}],"about":[{"href":"https:\/\/serbenidorm.daliisolutions.com\/index.php\/wp-json\/wp\/v2\/types\/post"}],"replies":[{"embeddable":true,"href":"https:\/\/serbenidorm.daliisolutions.com\/index.php\/wp-json\/wp\/v2\/comments?post=11033"}],"version-history":[{"count":0,"href":"https:\/\/serbenidorm.daliisolutions.com\/index.php\/wp-json\/wp\/v2\/posts\/11033\/revisions"}],"wp:featuredmedia":[{"embeddable":true,"href":"https:\/\/serbenidorm.daliisolutions.com\/index.php\/wp-json\/wp\/v2\/media\/11034"}],"wp:attachment":[{"href":"https:\/\/serbenidorm.daliisolutions.com\/index.php\/wp-json\/wp\/v2\/media?parent=11033"}],"wp:term":[{"taxonomy":"category","embeddable":true,"href":"https:\/\/serbenidorm.daliisolutions.com\/index.php\/wp-json\/wp\/v2\/categories?post=11033"},{"taxonomy":"post_tag","embeddable":true,"href":"https:\/\/serbenidorm.daliisolutions.com\/index.php\/wp-json\/wp\/v2\/tags?post=11033"}],"curies":[{"name":"wp","href":"https:\/\/api.w.org\/{rel}","templated":true}]}}